{"id":44,"date":"2015-01-25T19:36:40","date_gmt":"2015-01-25T19:36:40","guid":{"rendered":"http:\/\/poetomat.ch\/Wordpress\/?p=44"},"modified":"2025-02-10T19:39:05","modified_gmt":"2025-02-10T18:39:05","slug":"froehliche-weihnachten","status":"publish","type":"post","link":"https:\/\/poetomat.ch\/Wordpress\/froehliche-weihnachten\/","title":{"rendered":"Fr\u00f6hliche Weihnachten"},"content":{"rendered":"<p><strong>\u00ab\u00dcbrigens\u00bb in den Freiburger Nachrichten vom 16. Oktober 2014<\/strong><\/p>\n<p>Selbst auf Halloween ist kein Verlass mehr. Als der Grusel-Import in den 90ern auch auf die Schweiz \u00fcberschwappte, war der Hype so gross, dass die L\u00e4den den ganzen Oktober \u00fcber den Horror zelebrierten \u2013 mit K\u00fcrbisfratzen, Totenkopfmasken und Marzipanhexen. Das einzig Gute daran: Die Weihnachtsdeko blieb bis November im Keller.<\/p>\n<div id=\"storyElement-3\" class=\"embeddedCode storyElements ng-star-inserted\">\n<div class=\"embeddedCodeContainer ng-star-inserted\">\n<div>\n<div>\n<div data-io-article-url=\"https:\/\/www.freiburger-nachrichten.ch\/frohliche-weihnachten\/\">\n<p>Wenn mich heute im Manor das Grauen \u00fcberkommt, dann nicht wegen der paar versch\u00e4mt platzierten Halloweenrequisiten. Sondern weil die fleissigen Dekorationselfen die Spielzeugabteilung schon Anfang Oktober in ein glitzerndes Weihnachtswunderland verwandelt haben. Vor der Migros-Kasse verdreht bereits seit Wochen der Playmobil-Adventskalender meinen Kindern den Kopf und die Rollschinkli gab es schon mal als Sonderangebot, damit man sie einfrieren kann f\u00fcr Heiligabend. Und es wird nicht lange dauern, bis \u00abJingle Bells\u00bb aus den Warenhauslautsprechern t\u00f6nt.<\/p>\n<p>Wem jetzt nicht adventlich ums Herz wird, dem stehen schlimme Zeiten bevor.<\/p>\n<p>Vorfreude ist etwas Tolles. Und auf ein Fest wie Weihnachten muss man sich einstimmen. Dazu gibt es den Advent: ein Kranz mit vier Kerzen, ein Kalender mit 24 T\u00fcrchen. Jeden Tag ein T\u00fcrchen, jeden Sonntag eine weitere Kerze. Eine simple, aber effektive Dramaturgie, um Spannung aufzubauen und Freude zu wecken.<\/p>\n<p>Aber leider diktieren heute die Marketingabteilungen der Grossverteiler unseren Festkalender und der Countdown auf Weihnachten beginnt fast volle drei Monate im Voraus. Ich mag es den Detailh\u00e4ndlern ja g\u00f6nnen, wenn ihre Kassen s\u00fcss klingen zur Weihnachtszeit. Aber Weihnachtsstimmung im Oktober? Und Fasnachtsch\u00fcechli, kaum ist Silvester vorbei? Und dann acht Wochen lang Osterfreude?<\/p>\n<p>Geht das so weiter, wird irgendwann alles verschmelzen zu einem grossen Festtagseinerlei, und unsere Konsumtempel feiern das ganze Jahr \u00fcber Weihnachten und Silvester und Fasnacht und Ostern und Nationalfeiertag und Kilbi und Halloween. Am 1.\u00a0August werden verkleidete Gemeindepr\u00e4sidenten vor brennenden Christb\u00e4umen in fremden Zungen das Weihnachtsevangelium als patriotische Parabel nacherz\u00e4hlen, dazu intoniert die Guggenmusik \u00abO Tannenbaum\u00bb und die Kinder suchen im Schein ihrer R\u00e4benliechtli die versteckten Schoggi-Osterhasen. Als Sternsinger kost\u00fcmierte Schulkinder ziehen am 1.\u00a0Mai von Haust\u00fcr zu Haust\u00fcr und rufen \u00abS\u00fcsses oder Saures\u00bb, worauf sie Chlauss\u00e4ckli mit Mandarinen und Ostereiern geschenkt bekommen. Und das ganze Jahr \u00fcber kleben einem Konfetti an den Schuhen.<\/p>\n<p>In diesem Sinne: Gesegnete Pfingsten und einen fr\u00f6hlichen 1. August Ihnen allen.<\/p>\n<\/div>\n<\/div>\n<\/div>\n<\/div>\n<\/div>\n","protected":false},"excerpt":{"rendered":"<p>\u00ab\u00dcbrigens\u00bb in den Freiburger Nachrichten vom 16. Oktober 2014 Selbst auf Halloween ist kein Verlass mehr. Als der Grusel-Import in den 90ern auch auf die Schweiz \u00fcberschwappte, war der Hype so gross, dass die L\u00e4den den ganzen Oktober \u00fcber den Horror zelebrierten \u2013 mit K\u00fcrbisfratzen, Totenkopfmasken und Marzipanhexen. Das einzig Gute daran: Die Weihnachtsdeko blieb &hellip; <a href=\"https:\/\/poetomat.ch\/Wordpress\/froehliche-weihnachten\/\" class=\"more-link\"><span class=\"screen-reader-text\">Fr\u00f6hliche Weihnachten<\/span> weiterlesen<\/a><\/p>\n","protected":false},"author":2,"featured_media":0,"comment_status":"open","ping_status":"closed","sticky":false,"template":"","format":"standard","meta":{"jetpack_post_was_ever_published":false,"_jetpack_newsletter_access":"","_jetpack_dont_email_post_to_subs":false,"_jetpack_newsletter_tier_id":0,"_jetpack_memberships_contains_paywalled_content":false,"_jetpack_memberships_contains_paid_content":false,"footnotes":""},"categories":[1],"tags":[],"class_list":["post-44","post","type-post","status-publish","format-standard","hentry","category-uncategorized"],"yoast_head":"<!-- This site is optimized with the Yoast SEO plugin v27.4 - https:\/\/yoast.com\/product\/yoast-seo-wordpress\/ -->\n<title>Fr\u00f6hliche Weihnachten - Stephan Moser \u2013 Journalist BR, Kolumnist (Freiburger Nachrichten &amp; Askforce), Autor<\/title>\n<meta name=\"robots\" content=\"index, follow, max-snippet:-1, max-image-preview:large, max-video-preview:-1\" \/>\n<link rel=\"canonical\" href=\"https:\/\/poetomat.ch\/Wordpress\/froehliche-weihnachten\/\" \/>\n<meta property=\"og:locale\" content=\"de_DE\" \/>\n<meta property=\"og:type\" content=\"article\" \/>\n<meta property=\"og:title\" content=\"Fr\u00f6hliche Weihnachten - Stephan Moser \u2013 Journalist BR, Kolumnist (Freiburger Nachrichten &amp; Askforce), Autor\" \/>\n<meta property=\"og:description\" content=\"\u00ab\u00dcbrigens\u00bb in den Freiburger Nachrichten vom 16. Oktober 2014 Selbst auf Halloween ist kein Verlass mehr. Als der Grusel-Import in den 90ern auch auf die Schweiz \u00fcberschwappte, war der Hype so gross, dass die L\u00e4den den ganzen Oktober \u00fcber den Horror zelebrierten \u2013 mit K\u00fcrbisfratzen, Totenkopfmasken und Marzipanhexen. Das einzig Gute daran: Die Weihnachtsdeko blieb &hellip; Fr\u00f6hliche Weihnachten weiterlesen\" \/>\n<meta property=\"og:url\" content=\"https:\/\/poetomat.ch\/Wordpress\/froehliche-weihnachten\/\" \/>\n<meta property=\"og:site_name\" content=\"Stephan Moser \u2013 Journalist BR, Kolumnist (Freiburger Nachrichten &amp; Askforce), Autor\" \/>\n<meta property=\"article:published_time\" content=\"2015-01-25T19:36:40+00:00\" \/>\n<meta property=\"article:modified_time\" content=\"2025-02-10T18:39:05+00:00\" \/>\n<meta name=\"author\" content=\"admin\" \/>\n<meta name=\"twitter:label1\" content=\"Verfasst von\" \/>\n\t<meta name=\"twitter:data1\" content=\"admin\" \/>\n\t<meta name=\"twitter:label2\" content=\"Gesch\u00e4tzte Lesezeit\" \/>\n\t<meta name=\"twitter:data2\" content=\"3\u00a0Minuten\" \/>\n<script type=\"application\/ld+json\" class=\"yoast-schema-graph\">{\"@context\":\"https:\\\/\\\/schema.org\",\"@graph\":[{\"@type\":\"Article\",\"@id\":\"https:\\\/\\\/poetomat.ch\\\/Wordpress\\\/froehliche-weihnachten\\\/#article\",\"isPartOf\":{\"@id\":\"https:\\\/\\\/poetomat.ch\\\/Wordpress\\\/froehliche-weihnachten\\\/\"},\"author\":{\"name\":\"admin\",\"@id\":\"https:\\\/\\\/poetomat.ch\\\/Wordpress\\\/#\\\/schema\\\/person\\\/2cc02db160cec37374508657cd9d49a8\"},\"headline\":\"Fr\u00f6hliche Weihnachten\",\"datePublished\":\"2015-01-25T19:36:40+00:00\",\"dateModified\":\"2025-02-10T18:39:05+00:00\",\"mainEntityOfPage\":{\"@id\":\"https:\\\/\\\/poetomat.ch\\\/Wordpress\\\/froehliche-weihnachten\\\/\"},\"wordCount\":381,\"commentCount\":0,\"articleSection\":[\"Uncategorized\"],\"inLanguage\":\"de\",\"potentialAction\":[{\"@type\":\"CommentAction\",\"name\":\"Comment\",\"target\":[\"https:\\\/\\\/poetomat.ch\\\/Wordpress\\\/froehliche-weihnachten\\\/#respond\"]}]},{\"@type\":\"WebPage\",\"@id\":\"https:\\\/\\\/poetomat.ch\\\/Wordpress\\\/froehliche-weihnachten\\\/\",\"url\":\"https:\\\/\\\/poetomat.ch\\\/Wordpress\\\/froehliche-weihnachten\\\/\",\"name\":\"Fr\u00f6hliche Weihnachten - Stephan Moser \u2013 Journalist BR, Kolumnist (Freiburger Nachrichten &amp; Askforce), Autor\",\"isPartOf\":{\"@id\":\"https:\\\/\\\/poetomat.ch\\\/Wordpress\\\/#website\"},\"datePublished\":\"2015-01-25T19:36:40+00:00\",\"dateModified\":\"2025-02-10T18:39:05+00:00\",\"author\":{\"@id\":\"https:\\\/\\\/poetomat.ch\\\/Wordpress\\\/#\\\/schema\\\/person\\\/2cc02db160cec37374508657cd9d49a8\"},\"breadcrumb\":{\"@id\":\"https:\\\/\\\/poetomat.ch\\\/Wordpress\\\/froehliche-weihnachten\\\/#breadcrumb\"},\"inLanguage\":\"de\",\"potentialAction\":[{\"@type\":\"ReadAction\",\"target\":[\"https:\\\/\\\/poetomat.ch\\\/Wordpress\\\/froehliche-weihnachten\\\/\"]}]},{\"@type\":\"BreadcrumbList\",\"@id\":\"https:\\\/\\\/poetomat.ch\\\/Wordpress\\\/froehliche-weihnachten\\\/#breadcrumb\",\"itemListElement\":[{\"@type\":\"ListItem\",\"position\":1,\"name\":\"Startseite\",\"item\":\"https:\\\/\\\/poetomat.ch\\\/Wordpress\\\/\"},{\"@type\":\"ListItem\",\"position\":2,\"name\":\"Fr\u00f6hliche Weihnachten\"}]},{\"@type\":\"WebSite\",\"@id\":\"https:\\\/\\\/poetomat.ch\\\/Wordpress\\\/#website\",\"url\":\"https:\\\/\\\/poetomat.ch\\\/Wordpress\\\/\",\"name\":\"Stephan Moser \u2013 Journalist BR, Kolumnist (Freiburger Nachrichten &amp; Askforce), Autor\",\"description\":\"Ich bin Journalist, Historiker und Autor. Ich schreibe Kolumnen f\u00fcr die \u00abFreiburger Nachrichten\u00bb und die \u00abAskforce\u00bb. Ich habe f\u00fcr die Musical- und Theaterb\u00fchne geschrieben und arbeite an der Vertonung des Dudens.\",\"potentialAction\":[{\"@type\":\"SearchAction\",\"target\":{\"@type\":\"EntryPoint\",\"urlTemplate\":\"https:\\\/\\\/poetomat.ch\\\/Wordpress\\\/?s={search_term_string}\"},\"query-input\":{\"@type\":\"PropertyValueSpecification\",\"valueRequired\":true,\"valueName\":\"search_term_string\"}}],\"inLanguage\":\"de\"},{\"@type\":\"Person\",\"@id\":\"https:\\\/\\\/poetomat.ch\\\/Wordpress\\\/#\\\/schema\\\/person\\\/2cc02db160cec37374508657cd9d49a8\",\"name\":\"admin\",\"image\":{\"@type\":\"ImageObject\",\"inLanguage\":\"de\",\"@id\":\"https:\\\/\\\/secure.gravatar.com\\\/avatar\\\/4be47fdcfcd0474bbe6a1552cfc76bc6caaa23737fb0bdd2f33684f0f4961c8e?s=96&d=mm&r=g\",\"url\":\"https:\\\/\\\/secure.gravatar.com\\\/avatar\\\/4be47fdcfcd0474bbe6a1552cfc76bc6caaa23737fb0bdd2f33684f0f4961c8e?s=96&d=mm&r=g\",\"contentUrl\":\"https:\\\/\\\/secure.gravatar.com\\\/avatar\\\/4be47fdcfcd0474bbe6a1552cfc76bc6caaa23737fb0bdd2f33684f0f4961c8e?s=96&d=mm&r=g\",\"caption\":\"admin\"},\"sameAs\":[\"https:\\\/\\\/x.com\\\/poetomat\"],\"url\":\"https:\\\/\\\/poetomat.ch\\\/Wordpress\\\/author\\\/admin\\\/\"}]}<\/script>\n<!-- \/ Yoast SEO plugin. -->","yoast_head_json":{"title":"Fr\u00f6hliche Weihnachten - Stephan Moser \u2013 Journalist BR, Kolumnist (Freiburger Nachrichten &amp; Askforce), Autor","robots":{"index":"index","follow":"follow","max-snippet":"max-snippet:-1","max-image-preview":"max-image-preview:large","max-video-preview":"max-video-preview:-1"},"canonical":"https:\/\/poetomat.ch\/Wordpress\/froehliche-weihnachten\/","og_locale":"de_DE","og_type":"article","og_title":"Fr\u00f6hliche Weihnachten - Stephan Moser \u2013 Journalist BR, Kolumnist (Freiburger Nachrichten &amp; Askforce), Autor","og_description":"\u00ab\u00dcbrigens\u00bb in den Freiburger Nachrichten vom 16. Oktober 2014 Selbst auf Halloween ist kein Verlass mehr. Als der Grusel-Import in den 90ern auch auf die Schweiz \u00fcberschwappte, war der Hype so gross, dass die L\u00e4den den ganzen Oktober \u00fcber den Horror zelebrierten \u2013 mit K\u00fcrbisfratzen, Totenkopfmasken und Marzipanhexen. Das einzig Gute daran: Die Weihnachtsdeko blieb &hellip; Fr\u00f6hliche Weihnachten weiterlesen","og_url":"https:\/\/poetomat.ch\/Wordpress\/froehliche-weihnachten\/","og_site_name":"Stephan Moser \u2013 Journalist BR, Kolumnist (Freiburger Nachrichten &amp; Askforce), Autor","article_published_time":"2015-01-25T19:36:40+00:00","article_modified_time":"2025-02-10T18:39:05+00:00","author":"admin","twitter_misc":{"Verfasst von":"admin","Gesch\u00e4tzte Lesezeit":"3\u00a0Minuten"},"schema":{"@context":"https:\/\/schema.org","@graph":[{"@type":"Article","@id":"https:\/\/poetomat.ch\/Wordpress\/froehliche-weihnachten\/#article","isPartOf":{"@id":"https:\/\/poetomat.ch\/Wordpress\/froehliche-weihnachten\/"},"author":{"name":"admin","@id":"https:\/\/poetomat.ch\/Wordpress\/#\/schema\/person\/2cc02db160cec37374508657cd9d49a8"},"headline":"Fr\u00f6hliche Weihnachten","datePublished":"2015-01-25T19:36:40+00:00","dateModified":"2025-02-10T18:39:05+00:00","mainEntityOfPage":{"@id":"https:\/\/poetomat.ch\/Wordpress\/froehliche-weihnachten\/"},"wordCount":381,"commentCount":0,"articleSection":["Uncategorized"],"inLanguage":"de","potentialAction":[{"@type":"CommentAction","name":"Comment","target":["https:\/\/poetomat.ch\/Wordpress\/froehliche-weihnachten\/#respond"]}]},{"@type":"WebPage","@id":"https:\/\/poetomat.ch\/Wordpress\/froehliche-weihnachten\/","url":"https:\/\/poetomat.ch\/Wordpress\/froehliche-weihnachten\/","name":"Fr\u00f6hliche Weihnachten - Stephan Moser \u2013 Journalist BR, Kolumnist (Freiburger Nachrichten &amp; Askforce), Autor","isPartOf":{"@id":"https:\/\/poetomat.ch\/Wordpress\/#website"},"datePublished":"2015-01-25T19:36:40+00:00","dateModified":"2025-02-10T18:39:05+00:00","author":{"@id":"https:\/\/poetomat.ch\/Wordpress\/#\/schema\/person\/2cc02db160cec37374508657cd9d49a8"},"breadcrumb":{"@id":"https:\/\/poetomat.ch\/Wordpress\/froehliche-weihnachten\/#breadcrumb"},"inLanguage":"de","potentialAction":[{"@type":"ReadAction","target":["https:\/\/poetomat.ch\/Wordpress\/froehliche-weihnachten\/"]}]},{"@type":"BreadcrumbList","@id":"https:\/\/poetomat.ch\/Wordpress\/froehliche-weihnachten\/#breadcrumb","itemListElement":[{"@type":"ListItem","position":1,"name":"Startseite","item":"https:\/\/poetomat.ch\/Wordpress\/"},{"@type":"ListItem","position":2,"name":"Fr\u00f6hliche Weihnachten"}]},{"@type":"WebSite","@id":"https:\/\/poetomat.ch\/Wordpress\/#website","url":"https:\/\/poetomat.ch\/Wordpress\/","name":"Stephan Moser \u2013 Journalist BR, Kolumnist (Freiburger Nachrichten &amp; Askforce), Autor","description":"Ich bin Journalist, Historiker und Autor. Ich schreibe Kolumnen f\u00fcr die \u00abFreiburger Nachrichten\u00bb und die \u00abAskforce\u00bb. Ich habe f\u00fcr die Musical- und Theaterb\u00fchne geschrieben und arbeite an der Vertonung des Dudens.","potentialAction":[{"@type":"SearchAction","target":{"@type":"EntryPoint","urlTemplate":"https:\/\/poetomat.ch\/Wordpress\/?s={search_term_string}"},"query-input":{"@type":"PropertyValueSpecification","valueRequired":true,"valueName":"search_term_string"}}],"inLanguage":"de"},{"@type":"Person","@id":"https:\/\/poetomat.ch\/Wordpress\/#\/schema\/person\/2cc02db160cec37374508657cd9d49a8","name":"admin","image":{"@type":"ImageObject","inLanguage":"de","@id":"https:\/\/secure.gravatar.com\/avatar\/4be47fdcfcd0474bbe6a1552cfc76bc6caaa23737fb0bdd2f33684f0f4961c8e?s=96&d=mm&r=g","url":"https:\/\/secure.gravatar.com\/avatar\/4be47fdcfcd0474bbe6a1552cfc76bc6caaa23737fb0bdd2f33684f0f4961c8e?s=96&d=mm&r=g","contentUrl":"https:\/\/secure.gravatar.com\/avatar\/4be47fdcfcd0474bbe6a1552cfc76bc6caaa23737fb0bdd2f33684f0f4961c8e?s=96&d=mm&r=g","caption":"admin"},"sameAs":["https:\/\/x.com\/poetomat"],"url":"https:\/\/poetomat.ch\/Wordpress\/author\/admin\/"}]}},"jetpack_featured_media_url":"","jetpack_sharing_enabled":true,"jetpack_shortlink":"https:\/\/wp.me\/p5IsBv-I","_links":{"self":[{"href":"https:\/\/poetomat.ch\/Wordpress\/wp-json\/wp\/v2\/posts\/44","targetHints":{"allow":["GET"]}}],"collection":[{"href":"https:\/\/poetomat.ch\/Wordpress\/wp-json\/wp\/v2\/posts"}],"about":[{"href":"https:\/\/poetomat.ch\/Wordpress\/wp-json\/wp\/v2\/types\/post"}],"author":[{"embeddable":true,"href":"https:\/\/poetomat.ch\/Wordpress\/wp-json\/wp\/v2\/users\/2"}],"replies":[{"embeddable":true,"href":"https:\/\/poetomat.ch\/Wordpress\/wp-json\/wp\/v2\/comments?post=44"}],"version-history":[{"count":4,"href":"https:\/\/poetomat.ch\/Wordpress\/wp-json\/wp\/v2\/posts\/44\/revisions"}],"predecessor-version":[{"id":1658,"href":"https:\/\/poetomat.ch\/Wordpress\/wp-json\/wp\/v2\/posts\/44\/revisions\/1658"}],"wp:attachment":[{"href":"https:\/\/poetomat.ch\/Wordpress\/wp-json\/wp\/v2\/media?parent=44"}],"wp:term":[{"taxonomy":"category","embeddable":true,"href":"https:\/\/poetomat.ch\/Wordpress\/wp-json\/wp\/v2\/categories?post=44"},{"taxonomy":"post_tag","embeddable":true,"href":"https:\/\/poetomat.ch\/Wordpress\/wp-json\/wp\/v2\/tags?post=44"}],"curies":[{"name":"wp","href":"https:\/\/api.w.org\/{rel}","templated":true}]}}