{"id":42,"date":"2015-01-25T19:35:23","date_gmt":"2015-01-25T19:35:23","guid":{"rendered":"http:\/\/poetomat.ch\/Wordpress\/?p=42"},"modified":"2025-02-10T19:39:48","modified_gmt":"2025-02-10T18:39:48","slug":"flou-flou-fuer-den-weltfrieden","status":"publish","type":"post","link":"https:\/\/poetomat.ch\/Wordpress\/flou-flou-fuer-den-weltfrieden\/","title":{"rendered":"Flou-Flou f\u00fcr den Weltfrieden"},"content":{"rendered":"<p><strong>\u00ab\u00dcbrigens\u00bb in den Freiburger Nachrichten vom 6. Oktober 2014<\/strong><\/p>\n<p>Manchmal komme ich mir im Sandkasten vor wie ein Blauhelmsoldat der Uno. Zwar spielen meine zwei Kinder meist eintr\u00e4chtig miteinander, aber der innerfamili\u00e4re Frieden ist fragil. Oft gen\u00fcgt eine Kleinigkeit, und es kommt zum Ausbruch von offenen Feindseligkeiten zwischen den Kleinen.<br \/>\nDie Konfliktgr\u00fcnde sind klassisch: Die Ressourcen sind knapp (beide wollen unbedingt Bagger spielen, und zwar partout im selben Moment, wir haben aber nur einen), der Platz ist knapp (sie will einen Berg aufsch\u00fctten, er ein tiefes Loch graben \u2013 und zwar beide auf demselben Fleckchen Sand) und Langeweile paart sich mit kindlichen Allmachtsfantasien (\u00abDas ist mein Sandkasten!\u00bb \u2013\u00abNeiiin. Meiner!\u00bb).<\/p>\n<p>Wenn die K\u00f6pfe meiner Kinder immer r\u00f6ter werden, ziehe ich die emotionale Splitterschutzweste \u00fcber und setze das ganze Arsenal an friedenserhaltenden Massnahmen in Gang. Ich appelliere an die Vernunft, was bei Zwei- und Vierj\u00e4hrigen nur bedingt Erfolg hat. Ich versuche zu vermitteln und unterbreite ausgekl\u00fcgelte Friedenspl\u00e4ne: \u00abEin Berg? Ein Loch? Am selben Ort? Dann machen wir doch zusammen einen Vulkan \u2013 und zwar ohne Bagger.\u00bb Als N\u00e4chstes ziehe ich eine Demarkationslinie, setze mich demonstrativ zwischen die beiden und schaufle links einen Berg und grabe rechts ein Loch. Und ich verweise auf mein Mandat des Sicherheitsrates (\u00abMama w\u00fcrde genau das Gleiche tun.\u00bb). N\u00fctzt alles nichts, drohe ich mit drakonischen Sanktionen (\u00abWenn ihr jetzt nicht aufh\u00f6rt, gibt\u2019s heute Abend kein Barbapapa-Filmchen.\u00bb).<\/p>\n<p>Unberechenbar wird die Situation, wenn der Nachbarsbub dazu kommt. Manchmal beruhigt sich die Situation. H\u00e4ufiger bilden sich aber unheilige Allianzen: Die zwei Grossen gegen den Kleinen. Die Buben gegen das M\u00e4dchen. Meine Kinder gegen den anderen. Alle gegen alle. Und ehe ich mich versehe, werden Schaufeln zu Schwertern und Fingern\u00e4gel zu Nahkampfwaffen und ich sitze im Sandkasten mit heulenden Kindern um mich herum.<\/p>\n<p>Dann hilft nur noch meine deeskalative Wunderwaffe. Reihum nehme ich die Kinder in den Arm, bis ihr Wehklagen in ein Naseschniefen \u00fcbergegangen ist, und sage dann: \u00abZeit f\u00fcrs Zvieri. Wer will ein Schoggi-Flou-Flou?\u00bb Die Wirkung ist \u00fcberw\u00e4ltigend: Tr\u00e4nen trocknen. Der Bagger, um den eben noch alle stritten, ist pl\u00f6tzlich uninteressant geworden. Ohne grosses Tamtam zottelt die Bande nach Hause, w\u00e4scht sich die H\u00e4nde und setzt sich an den Tisch. Und sp\u00e4testens nach dem zweiten L\u00f6ffel Schoggipudding sind alle wieder die besten Freunde.<\/p>\n<p>Umarmen und Flou-Flou essen: Wenn das mit dem Weltfrieden doch nur auch so einfach w\u00e4re.<\/p>\n","protected":false},"excerpt":{"rendered":"<p>\u00ab\u00dcbrigens\u00bb in den Freiburger Nachrichten vom 6. Oktober 2014 Manchmal komme ich mir im Sandkasten vor wie ein Blauhelmsoldat der Uno. Zwar spielen meine zwei Kinder meist eintr\u00e4chtig miteinander, aber der innerfamili\u00e4re Frieden ist fragil. Oft gen\u00fcgt eine Kleinigkeit, und es kommt zum Ausbruch von offenen Feindseligkeiten zwischen den Kleinen. Die Konfliktgr\u00fcnde sind klassisch: Die &hellip; <a href=\"https:\/\/poetomat.ch\/Wordpress\/flou-flou-fuer-den-weltfrieden\/\" class=\"more-link\"><span class=\"screen-reader-text\">Flou-Flou f\u00fcr den Weltfrieden<\/span> weiterlesen<\/a><\/p>\n","protected":false},"author":2,"featured_media":171,"comment_status":"open","ping_status":"closed","sticky":false,"template":"","format":"standard","meta":{"jetpack_post_was_ever_published":false,"_jetpack_newsletter_access":"","_jetpack_dont_email_post_to_subs":false,"_jetpack_newsletter_tier_id":0,"_jetpack_memberships_contains_paywalled_content":false,"_jetpack_memberships_contains_paid_content":false,"footnotes":""},"categories":[1],"tags":[],"class_list":["post-42","post","type-post","status-publish","format-standard","has-post-thumbnail","hentry","category-uncategorized"],"yoast_head":"<!-- This site is optimized with the Yoast SEO plugin v27.4 - https:\/\/yoast.com\/product\/yoast-seo-wordpress\/ -->\n<title>Flou-Flou f\u00fcr den Weltfrieden - Stephan Moser \u2013 Journalist BR, Kolumnist (Freiburger Nachrichten &amp; Askforce), Autor<\/title>\n<meta name=\"robots\" content=\"index, follow, max-snippet:-1, max-image-preview:large, max-video-preview:-1\" \/>\n<link rel=\"canonical\" href=\"https:\/\/poetomat.ch\/Wordpress\/flou-flou-fuer-den-weltfrieden\/\" \/>\n<meta property=\"og:locale\" content=\"de_DE\" \/>\n<meta property=\"og:type\" content=\"article\" \/>\n<meta property=\"og:title\" content=\"Flou-Flou f\u00fcr den Weltfrieden - Stephan Moser \u2013 Journalist BR, Kolumnist (Freiburger Nachrichten &amp; Askforce), Autor\" \/>\n<meta property=\"og:description\" content=\"\u00ab\u00dcbrigens\u00bb in den Freiburger Nachrichten vom 6. Oktober 2014 Manchmal komme ich mir im Sandkasten vor wie ein Blauhelmsoldat der Uno. Zwar spielen meine zwei Kinder meist eintr\u00e4chtig miteinander, aber der innerfamili\u00e4re Frieden ist fragil. Oft gen\u00fcgt eine Kleinigkeit, und es kommt zum Ausbruch von offenen Feindseligkeiten zwischen den Kleinen. Die Konfliktgr\u00fcnde sind klassisch: Die &hellip; Flou-Flou f\u00fcr den Weltfrieden weiterlesen\" \/>\n<meta property=\"og:url\" content=\"https:\/\/poetomat.ch\/Wordpress\/flou-flou-fuer-den-weltfrieden\/\" \/>\n<meta property=\"og:site_name\" content=\"Stephan Moser \u2013 Journalist BR, Kolumnist (Freiburger Nachrichten &amp; Askforce), Autor\" \/>\n<meta property=\"article:published_time\" content=\"2015-01-25T19:35:23+00:00\" \/>\n<meta property=\"article:modified_time\" content=\"2025-02-10T18:39:48+00:00\" \/>\n<meta property=\"og:image\" content=\"https:\/\/poetomat.ch\/Wordpress\/wp-content\/uploads\/2015\/01\/Flouflou.jpg\" \/>\n\t<meta property=\"og:image:width\" content=\"1575\" \/>\n\t<meta property=\"og:image:height\" content=\"1050\" \/>\n\t<meta property=\"og:image:type\" content=\"image\/jpeg\" \/>\n<meta name=\"author\" content=\"admin\" \/>\n<meta name=\"twitter:label1\" content=\"Verfasst von\" \/>\n\t<meta name=\"twitter:data1\" content=\"admin\" \/>\n\t<meta name=\"twitter:label2\" content=\"Gesch\u00e4tzte Lesezeit\" \/>\n\t<meta name=\"twitter:data2\" content=\"3\u00a0Minuten\" \/>\n<script type=\"application\/ld+json\" class=\"yoast-schema-graph\">{\"@context\":\"https:\\\/\\\/schema.org\",\"@graph\":[{\"@type\":\"Article\",\"@id\":\"https:\\\/\\\/poetomat.ch\\\/Wordpress\\\/flou-flou-fuer-den-weltfrieden\\\/#article\",\"isPartOf\":{\"@id\":\"https:\\\/\\\/poetomat.ch\\\/Wordpress\\\/flou-flou-fuer-den-weltfrieden\\\/\"},\"author\":{\"name\":\"admin\",\"@id\":\"https:\\\/\\\/poetomat.ch\\\/Wordpress\\\/#\\\/schema\\\/person\\\/2cc02db160cec37374508657cd9d49a8\"},\"headline\":\"Flou-Flou f\u00fcr den Weltfrieden\",\"datePublished\":\"2015-01-25T19:35:23+00:00\",\"dateModified\":\"2025-02-10T18:39:48+00:00\",\"mainEntityOfPage\":{\"@id\":\"https:\\\/\\\/poetomat.ch\\\/Wordpress\\\/flou-flou-fuer-den-weltfrieden\\\/\"},\"wordCount\":416,\"commentCount\":0,\"image\":{\"@id\":\"https:\\\/\\\/poetomat.ch\\\/Wordpress\\\/flou-flou-fuer-den-weltfrieden\\\/#primaryimage\"},\"thumbnailUrl\":\"https:\\\/\\\/poetomat.ch\\\/Wordpress\\\/wp-content\\\/uploads\\\/2015\\\/01\\\/Flouflou.jpg\",\"articleSection\":[\"Uncategorized\"],\"inLanguage\":\"de\",\"potentialAction\":[{\"@type\":\"CommentAction\",\"name\":\"Comment\",\"target\":[\"https:\\\/\\\/poetomat.ch\\\/Wordpress\\\/flou-flou-fuer-den-weltfrieden\\\/#respond\"]}]},{\"@type\":\"WebPage\",\"@id\":\"https:\\\/\\\/poetomat.ch\\\/Wordpress\\\/flou-flou-fuer-den-weltfrieden\\\/\",\"url\":\"https:\\\/\\\/poetomat.ch\\\/Wordpress\\\/flou-flou-fuer-den-weltfrieden\\\/\",\"name\":\"Flou-Flou f\u00fcr den Weltfrieden - Stephan Moser \u2013 Journalist BR, Kolumnist (Freiburger Nachrichten &amp; Askforce), Autor\",\"isPartOf\":{\"@id\":\"https:\\\/\\\/poetomat.ch\\\/Wordpress\\\/#website\"},\"primaryImageOfPage\":{\"@id\":\"https:\\\/\\\/poetomat.ch\\\/Wordpress\\\/flou-flou-fuer-den-weltfrieden\\\/#primaryimage\"},\"image\":{\"@id\":\"https:\\\/\\\/poetomat.ch\\\/Wordpress\\\/flou-flou-fuer-den-weltfrieden\\\/#primaryimage\"},\"thumbnailUrl\":\"https:\\\/\\\/poetomat.ch\\\/Wordpress\\\/wp-content\\\/uploads\\\/2015\\\/01\\\/Flouflou.jpg\",\"datePublished\":\"2015-01-25T19:35:23+00:00\",\"dateModified\":\"2025-02-10T18:39:48+00:00\",\"author\":{\"@id\":\"https:\\\/\\\/poetomat.ch\\\/Wordpress\\\/#\\\/schema\\\/person\\\/2cc02db160cec37374508657cd9d49a8\"},\"breadcrumb\":{\"@id\":\"https:\\\/\\\/poetomat.ch\\\/Wordpress\\\/flou-flou-fuer-den-weltfrieden\\\/#breadcrumb\"},\"inLanguage\":\"de\",\"potentialAction\":[{\"@type\":\"ReadAction\",\"target\":[\"https:\\\/\\\/poetomat.ch\\\/Wordpress\\\/flou-flou-fuer-den-weltfrieden\\\/\"]}]},{\"@type\":\"ImageObject\",\"inLanguage\":\"de\",\"@id\":\"https:\\\/\\\/poetomat.ch\\\/Wordpress\\\/flou-flou-fuer-den-weltfrieden\\\/#primaryimage\",\"url\":\"https:\\\/\\\/poetomat.ch\\\/Wordpress\\\/wp-content\\\/uploads\\\/2015\\\/01\\\/Flouflou.jpg\",\"contentUrl\":\"https:\\\/\\\/poetomat.ch\\\/Wordpress\\\/wp-content\\\/uploads\\\/2015\\\/01\\\/Flouflou.jpg\",\"width\":1575,\"height\":1050,\"caption\":\"FlouFlou\"},{\"@type\":\"BreadcrumbList\",\"@id\":\"https:\\\/\\\/poetomat.ch\\\/Wordpress\\\/flou-flou-fuer-den-weltfrieden\\\/#breadcrumb\",\"itemListElement\":[{\"@type\":\"ListItem\",\"position\":1,\"name\":\"Startseite\",\"item\":\"https:\\\/\\\/poetomat.ch\\\/Wordpress\\\/\"},{\"@type\":\"ListItem\",\"position\":2,\"name\":\"Flou-Flou f\u00fcr den Weltfrieden\"}]},{\"@type\":\"WebSite\",\"@id\":\"https:\\\/\\\/poetomat.ch\\\/Wordpress\\\/#website\",\"url\":\"https:\\\/\\\/poetomat.ch\\\/Wordpress\\\/\",\"name\":\"Stephan Moser \u2013 Journalist BR, Kolumnist (Freiburger Nachrichten &amp; Askforce), Autor\",\"description\":\"Ich bin Journalist, Historiker und Autor. Ich schreibe Kolumnen f\u00fcr die \u00abFreiburger Nachrichten\u00bb und die \u00abAskforce\u00bb. Ich habe f\u00fcr die Musical- und Theaterb\u00fchne geschrieben und arbeite an der Vertonung des Dudens.\",\"potentialAction\":[{\"@type\":\"SearchAction\",\"target\":{\"@type\":\"EntryPoint\",\"urlTemplate\":\"https:\\\/\\\/poetomat.ch\\\/Wordpress\\\/?s={search_term_string}\"},\"query-input\":{\"@type\":\"PropertyValueSpecification\",\"valueRequired\":true,\"valueName\":\"search_term_string\"}}],\"inLanguage\":\"de\"},{\"@type\":\"Person\",\"@id\":\"https:\\\/\\\/poetomat.ch\\\/Wordpress\\\/#\\\/schema\\\/person\\\/2cc02db160cec37374508657cd9d49a8\",\"name\":\"admin\",\"image\":{\"@type\":\"ImageObject\",\"inLanguage\":\"de\",\"@id\":\"https:\\\/\\\/secure.gravatar.com\\\/avatar\\\/4be47fdcfcd0474bbe6a1552cfc76bc6caaa23737fb0bdd2f33684f0f4961c8e?s=96&d=mm&r=g\",\"url\":\"https:\\\/\\\/secure.gravatar.com\\\/avatar\\\/4be47fdcfcd0474bbe6a1552cfc76bc6caaa23737fb0bdd2f33684f0f4961c8e?s=96&d=mm&r=g\",\"contentUrl\":\"https:\\\/\\\/secure.gravatar.com\\\/avatar\\\/4be47fdcfcd0474bbe6a1552cfc76bc6caaa23737fb0bdd2f33684f0f4961c8e?s=96&d=mm&r=g\",\"caption\":\"admin\"},\"sameAs\":[\"https:\\\/\\\/x.com\\\/poetomat\"],\"url\":\"https:\\\/\\\/poetomat.ch\\\/Wordpress\\\/author\\\/admin\\\/\"}]}<\/script>\n<!-- \/ Yoast SEO plugin. -->","yoast_head_json":{"title":"Flou-Flou f\u00fcr den Weltfrieden - Stephan Moser \u2013 Journalist BR, Kolumnist (Freiburger Nachrichten &amp; Askforce), Autor","robots":{"index":"index","follow":"follow","max-snippet":"max-snippet:-1","max-image-preview":"max-image-preview:large","max-video-preview":"max-video-preview:-1"},"canonical":"https:\/\/poetomat.ch\/Wordpress\/flou-flou-fuer-den-weltfrieden\/","og_locale":"de_DE","og_type":"article","og_title":"Flou-Flou f\u00fcr den Weltfrieden - Stephan Moser \u2013 Journalist BR, Kolumnist (Freiburger Nachrichten &amp; Askforce), Autor","og_description":"\u00ab\u00dcbrigens\u00bb in den Freiburger Nachrichten vom 6. Oktober 2014 Manchmal komme ich mir im Sandkasten vor wie ein Blauhelmsoldat der Uno. Zwar spielen meine zwei Kinder meist eintr\u00e4chtig miteinander, aber der innerfamili\u00e4re Frieden ist fragil. Oft gen\u00fcgt eine Kleinigkeit, und es kommt zum Ausbruch von offenen Feindseligkeiten zwischen den Kleinen. Die Konfliktgr\u00fcnde sind klassisch: Die &hellip; Flou-Flou f\u00fcr den Weltfrieden weiterlesen","og_url":"https:\/\/poetomat.ch\/Wordpress\/flou-flou-fuer-den-weltfrieden\/","og_site_name":"Stephan Moser \u2013 Journalist BR, Kolumnist (Freiburger Nachrichten &amp; Askforce), Autor","article_published_time":"2015-01-25T19:35:23+00:00","article_modified_time":"2025-02-10T18:39:48+00:00","og_image":[{"width":1575,"height":1050,"url":"https:\/\/poetomat.ch\/Wordpress\/wp-content\/uploads\/2015\/01\/Flouflou.jpg","type":"image\/jpeg"}],"author":"admin","twitter_misc":{"Verfasst von":"admin","Gesch\u00e4tzte Lesezeit":"3\u00a0Minuten"},"schema":{"@context":"https:\/\/schema.org","@graph":[{"@type":"Article","@id":"https:\/\/poetomat.ch\/Wordpress\/flou-flou-fuer-den-weltfrieden\/#article","isPartOf":{"@id":"https:\/\/poetomat.ch\/Wordpress\/flou-flou-fuer-den-weltfrieden\/"},"author":{"name":"admin","@id":"https:\/\/poetomat.ch\/Wordpress\/#\/schema\/person\/2cc02db160cec37374508657cd9d49a8"},"headline":"Flou-Flou f\u00fcr den Weltfrieden","datePublished":"2015-01-25T19:35:23+00:00","dateModified":"2025-02-10T18:39:48+00:00","mainEntityOfPage":{"@id":"https:\/\/poetomat.ch\/Wordpress\/flou-flou-fuer-den-weltfrieden\/"},"wordCount":416,"commentCount":0,"image":{"@id":"https:\/\/poetomat.ch\/Wordpress\/flou-flou-fuer-den-weltfrieden\/#primaryimage"},"thumbnailUrl":"https:\/\/poetomat.ch\/Wordpress\/wp-content\/uploads\/2015\/01\/Flouflou.jpg","articleSection":["Uncategorized"],"inLanguage":"de","potentialAction":[{"@type":"CommentAction","name":"Comment","target":["https:\/\/poetomat.ch\/Wordpress\/flou-flou-fuer-den-weltfrieden\/#respond"]}]},{"@type":"WebPage","@id":"https:\/\/poetomat.ch\/Wordpress\/flou-flou-fuer-den-weltfrieden\/","url":"https:\/\/poetomat.ch\/Wordpress\/flou-flou-fuer-den-weltfrieden\/","name":"Flou-Flou f\u00fcr den Weltfrieden - Stephan Moser \u2013 Journalist BR, Kolumnist (Freiburger Nachrichten &amp; Askforce), Autor","isPartOf":{"@id":"https:\/\/poetomat.ch\/Wordpress\/#website"},"primaryImageOfPage":{"@id":"https:\/\/poetomat.ch\/Wordpress\/flou-flou-fuer-den-weltfrieden\/#primaryimage"},"image":{"@id":"https:\/\/poetomat.ch\/Wordpress\/flou-flou-fuer-den-weltfrieden\/#primaryimage"},"thumbnailUrl":"https:\/\/poetomat.ch\/Wordpress\/wp-content\/uploads\/2015\/01\/Flouflou.jpg","datePublished":"2015-01-25T19:35:23+00:00","dateModified":"2025-02-10T18:39:48+00:00","author":{"@id":"https:\/\/poetomat.ch\/Wordpress\/#\/schema\/person\/2cc02db160cec37374508657cd9d49a8"},"breadcrumb":{"@id":"https:\/\/poetomat.ch\/Wordpress\/flou-flou-fuer-den-weltfrieden\/#breadcrumb"},"inLanguage":"de","potentialAction":[{"@type":"ReadAction","target":["https:\/\/poetomat.ch\/Wordpress\/flou-flou-fuer-den-weltfrieden\/"]}]},{"@type":"ImageObject","inLanguage":"de","@id":"https:\/\/poetomat.ch\/Wordpress\/flou-flou-fuer-den-weltfrieden\/#primaryimage","url":"https:\/\/poetomat.ch\/Wordpress\/wp-content\/uploads\/2015\/01\/Flouflou.jpg","contentUrl":"https:\/\/poetomat.ch\/Wordpress\/wp-content\/uploads\/2015\/01\/Flouflou.jpg","width":1575,"height":1050,"caption":"FlouFlou"},{"@type":"BreadcrumbList","@id":"https:\/\/poetomat.ch\/Wordpress\/flou-flou-fuer-den-weltfrieden\/#breadcrumb","itemListElement":[{"@type":"ListItem","position":1,"name":"Startseite","item":"https:\/\/poetomat.ch\/Wordpress\/"},{"@type":"ListItem","position":2,"name":"Flou-Flou f\u00fcr den Weltfrieden"}]},{"@type":"WebSite","@id":"https:\/\/poetomat.ch\/Wordpress\/#website","url":"https:\/\/poetomat.ch\/Wordpress\/","name":"Stephan Moser \u2013 Journalist BR, Kolumnist (Freiburger Nachrichten &amp; Askforce), Autor","description":"Ich bin Journalist, Historiker und Autor. Ich schreibe Kolumnen f\u00fcr die \u00abFreiburger Nachrichten\u00bb und die \u00abAskforce\u00bb. Ich habe f\u00fcr die Musical- und Theaterb\u00fchne geschrieben und arbeite an der Vertonung des Dudens.","potentialAction":[{"@type":"SearchAction","target":{"@type":"EntryPoint","urlTemplate":"https:\/\/poetomat.ch\/Wordpress\/?s={search_term_string}"},"query-input":{"@type":"PropertyValueSpecification","valueRequired":true,"valueName":"search_term_string"}}],"inLanguage":"de"},{"@type":"Person","@id":"https:\/\/poetomat.ch\/Wordpress\/#\/schema\/person\/2cc02db160cec37374508657cd9d49a8","name":"admin","image":{"@type":"ImageObject","inLanguage":"de","@id":"https:\/\/secure.gravatar.com\/avatar\/4be47fdcfcd0474bbe6a1552cfc76bc6caaa23737fb0bdd2f33684f0f4961c8e?s=96&d=mm&r=g","url":"https:\/\/secure.gravatar.com\/avatar\/4be47fdcfcd0474bbe6a1552cfc76bc6caaa23737fb0bdd2f33684f0f4961c8e?s=96&d=mm&r=g","contentUrl":"https:\/\/secure.gravatar.com\/avatar\/4be47fdcfcd0474bbe6a1552cfc76bc6caaa23737fb0bdd2f33684f0f4961c8e?s=96&d=mm&r=g","caption":"admin"},"sameAs":["https:\/\/x.com\/poetomat"],"url":"https:\/\/poetomat.ch\/Wordpress\/author\/admin\/"}]}},"jetpack_featured_media_url":"https:\/\/poetomat.ch\/Wordpress\/wp-content\/uploads\/2015\/01\/Flouflou.jpg","jetpack_sharing_enabled":true,"jetpack_shortlink":"https:\/\/wp.me\/p5IsBv-G","_links":{"self":[{"href":"https:\/\/poetomat.ch\/Wordpress\/wp-json\/wp\/v2\/posts\/42","targetHints":{"allow":["GET"]}}],"collection":[{"href":"https:\/\/poetomat.ch\/Wordpress\/wp-json\/wp\/v2\/posts"}],"about":[{"href":"https:\/\/poetomat.ch\/Wordpress\/wp-json\/wp\/v2\/types\/post"}],"author":[{"embeddable":true,"href":"https:\/\/poetomat.ch\/Wordpress\/wp-json\/wp\/v2\/users\/2"}],"replies":[{"embeddable":true,"href":"https:\/\/poetomat.ch\/Wordpress\/wp-json\/wp\/v2\/comments?post=42"}],"version-history":[{"count":4,"href":"https:\/\/poetomat.ch\/Wordpress\/wp-json\/wp\/v2\/posts\/42\/revisions"}],"predecessor-version":[{"id":1659,"href":"https:\/\/poetomat.ch\/Wordpress\/wp-json\/wp\/v2\/posts\/42\/revisions\/1659"}],"wp:featuredmedia":[{"embeddable":true,"href":"https:\/\/poetomat.ch\/Wordpress\/wp-json\/wp\/v2\/media\/171"}],"wp:attachment":[{"href":"https:\/\/poetomat.ch\/Wordpress\/wp-json\/wp\/v2\/media?parent=42"}],"wp:term":[{"taxonomy":"category","embeddable":true,"href":"https:\/\/poetomat.ch\/Wordpress\/wp-json\/wp\/v2\/categories?post=42"},{"taxonomy":"post_tag","embeddable":true,"href":"https:\/\/poetomat.ch\/Wordpress\/wp-json\/wp\/v2\/tags?post=42"}],"curies":[{"name":"wp","href":"https:\/\/api.w.org\/{rel}","templated":true}]}}