{"id":38,"date":"2015-01-25T19:32:37","date_gmt":"2015-01-25T19:32:37","guid":{"rendered":"http:\/\/poetomat.ch\/Wordpress\/?p=38"},"modified":"2025-02-10T19:41:45","modified_gmt":"2025-02-10T18:41:45","slug":"neu-im-fitness-angebot-nordic-talking","status":"publish","type":"post","link":"https:\/\/poetomat.ch\/Wordpress\/neu-im-fitness-angebot-nordic-talking\/","title":{"rendered":"Neu im Fitness-Angebot: Nordic Talking"},"content":{"rendered":"<p><strong>\u00ab\u00dcbrigens\u00bb in den Freiburger Nachrichten vom 2. September 2014<\/strong><\/p>\n<p>Nordic Walking war gestern, der Fitnesstrend von morgen heisst \u00abNordic Talking\u00bb. Fit mit Finnisch! Schlank dank Schwedisch! Die f\u00fcnf Norweger! Sie glauben mir nicht? Ich schenke Ihnen eine Schnupperstunde. Hier und jetzt. Machen Sie mit? Dann los.<\/p>\n<p>Mit ein bisschen Isl\u00e4ndisch w\u00e4rmen wir uns auf. Alle miteinander: Eyjafjallaj\u00f6kull. Und nochmals: Eyjafjallaj\u00f6kull. Und jetzt f\u00fcnfzig Mal hintereinander. Ein bisschen schneller. Aha, der isl\u00e4ndische Vulkan bringt die ersten schon ganz sch\u00f6n ins Schwitzen. Und manche sp\u00fcren Hirnwindungen, von denen Sie nicht einmal gewusst haben, dass es sie gibt. Sehr gut.<\/p>\n<p>Dann gehts gleich weiter mit der ersten \u00dcbung. Wir deklinieren finnische Verben. Heute: Schwitzen. Hikoilla. Und los: Min\u00e4 hikoilen, sin\u00e4 hikoilet, h\u00e4n hikoilee, me hikoilemme, te hikoilette, he hikoilevat. Nicht nachlassen. Und jetzt im Plusquamperfekt. Min\u00e4 olin hikoillut, sin\u00e4 olit hikoilutt, h\u00e4n oli hikoillut, me olimme hikoilleet, te olitte hikoilleet, he olivat hikoilleet. Halten Sie das Tempo. Und zum Schluss noch eine Runde Konditionalis: Min\u00e4 hikoilisin, sin\u00e4 hikoilisit, h\u00e4n hikoilisi, me hikoilisimme, te hikoilisitte, he hikoilisivat. Und durchatmen. Wow, das f\u00e4hrt ganz sch\u00f6n ein, oder? Dagegen ist Zumba Seniorengymnastik.<\/p>\n<p>Die zweite \u00dcbung gehen wir etwas ruhiger an. Flirten auf Schwedisch im lockeren Laufschritt. Und eins, und zwei, und drei und \u2026 Hey, hur \u00e4r l\u00e4get? Vill du dansa med mig? Sch\u00f6n im Takt bleiben. Und eins, und zwei, und drei und \u2026 Har du en flickv\u00e4n? Du \u00e4r s\u00f6t. Du har ett vackert leende. Jag tycker om dig. Und immer sch\u00f6n l\u00e4cheln, auch wenn es wehtut.<\/p>\n<p>Und damit zum H\u00f6hepunkt unserer heutigen Schnupperlektion. Eine kurze Einheit W\u00f6rterbuch-Rundlauf. Fischst\u00e4bchen bis Flaschen\u00f6ffner auf Norwegisch. Ich will noch einmal vollen Einsatz sehen. Von allen. Entspannen k\u00f6nnen Sie sich im Yoga.<\/p>\n<p>Und los: Fiskepinne, fisker, fiskestang, fiskesuppe\u2026 Den Puls k\u00f6nnen wir noch h\u00f6her treiben. Fjellbukse, fjellvolk, fjellst\u00f8vel \u2026 Und durchziehen bis zum Schluss. Flaske, flaske\u00e5pner, flaskekork. Und Fertig. Tut gut, sich einmal so richtig auszupowern, oder?<\/p>\n<p>Das n\u00e4chste Mal nehmen wir uns dann Astrid Lindgren im Original vor. Auf dem Laufband. Bis dahin k\u00f6nnen Sie ja schon mal mit dem Ikea-Katalog trainieren.<\/p>\n<p>Jetzt aber erst einmal ab mit Ihnen unter die Dusche.<\/p>\n","protected":false},"excerpt":{"rendered":"<p>\u00ab\u00dcbrigens\u00bb in den Freiburger Nachrichten vom 2. September 2014 Nordic Walking war gestern, der Fitnesstrend von morgen heisst \u00abNordic Talking\u00bb. Fit mit Finnisch! Schlank dank Schwedisch! Die f\u00fcnf Norweger! Sie glauben mir nicht? Ich schenke Ihnen eine Schnupperstunde. Hier und jetzt. Machen Sie mit? Dann los. Mit ein bisschen Isl\u00e4ndisch w\u00e4rmen wir uns auf. Alle &hellip; <a href=\"https:\/\/poetomat.ch\/Wordpress\/neu-im-fitness-angebot-nordic-talking\/\" class=\"more-link\"><span class=\"screen-reader-text\">Neu im Fitness-Angebot: Nordic Talking<\/span> weiterlesen<\/a><\/p>\n","protected":false},"author":2,"featured_media":0,"comment_status":"open","ping_status":"closed","sticky":false,"template":"","format":"standard","meta":{"jetpack_post_was_ever_published":false,"_jetpack_newsletter_access":"","_jetpack_dont_email_post_to_subs":false,"_jetpack_newsletter_tier_id":0,"_jetpack_memberships_contains_paywalled_content":false,"_jetpack_memberships_contains_paid_content":false,"footnotes":""},"categories":[1],"tags":[],"class_list":["post-38","post","type-post","status-publish","format-standard","hentry","category-uncategorized"],"yoast_head":"<!-- This site is optimized with the Yoast SEO plugin v27.4 - https:\/\/yoast.com\/product\/yoast-seo-wordpress\/ -->\n<title>Neu im Fitness-Angebot: Nordic Talking - Stephan Moser \u2013 Journalist BR, Kolumnist (Freiburger Nachrichten &amp; Askforce), Autor<\/title>\n<meta name=\"robots\" content=\"index, follow, max-snippet:-1, max-image-preview:large, max-video-preview:-1\" \/>\n<link rel=\"canonical\" href=\"https:\/\/poetomat.ch\/Wordpress\/neu-im-fitness-angebot-nordic-talking\/\" \/>\n<meta property=\"og:locale\" content=\"de_DE\" \/>\n<meta property=\"og:type\" content=\"article\" \/>\n<meta property=\"og:title\" content=\"Neu im Fitness-Angebot: Nordic Talking - Stephan Moser \u2013 Journalist BR, Kolumnist (Freiburger Nachrichten &amp; Askforce), Autor\" \/>\n<meta property=\"og:description\" content=\"\u00ab\u00dcbrigens\u00bb in den Freiburger Nachrichten vom 2. September 2014 Nordic Walking war gestern, der Fitnesstrend von morgen heisst \u00abNordic Talking\u00bb. Fit mit Finnisch! Schlank dank Schwedisch! Die f\u00fcnf Norweger! Sie glauben mir nicht? Ich schenke Ihnen eine Schnupperstunde. Hier und jetzt. Machen Sie mit? Dann los. Mit ein bisschen Isl\u00e4ndisch w\u00e4rmen wir uns auf. Alle &hellip; Neu im Fitness-Angebot: Nordic Talking weiterlesen\" \/>\n<meta property=\"og:url\" content=\"https:\/\/poetomat.ch\/Wordpress\/neu-im-fitness-angebot-nordic-talking\/\" \/>\n<meta property=\"og:site_name\" content=\"Stephan Moser \u2013 Journalist BR, Kolumnist (Freiburger Nachrichten &amp; Askforce), Autor\" \/>\n<meta property=\"article:published_time\" content=\"2015-01-25T19:32:37+00:00\" \/>\n<meta property=\"article:modified_time\" content=\"2025-02-10T18:41:45+00:00\" \/>\n<meta name=\"author\" content=\"admin\" \/>\n<meta name=\"twitter:label1\" content=\"Verfasst von\" \/>\n\t<meta name=\"twitter:data1\" content=\"admin\" \/>\n\t<meta name=\"twitter:label2\" content=\"Gesch\u00e4tzte Lesezeit\" \/>\n\t<meta name=\"twitter:data2\" content=\"2\u00a0Minuten\" \/>\n<script type=\"application\/ld+json\" class=\"yoast-schema-graph\">{\"@context\":\"https:\\\/\\\/schema.org\",\"@graph\":[{\"@type\":\"Article\",\"@id\":\"https:\\\/\\\/poetomat.ch\\\/Wordpress\\\/neu-im-fitness-angebot-nordic-talking\\\/#article\",\"isPartOf\":{\"@id\":\"https:\\\/\\\/poetomat.ch\\\/Wordpress\\\/neu-im-fitness-angebot-nordic-talking\\\/\"},\"author\":{\"name\":\"admin\",\"@id\":\"https:\\\/\\\/poetomat.ch\\\/Wordpress\\\/#\\\/schema\\\/person\\\/2cc02db160cec37374508657cd9d49a8\"},\"headline\":\"Neu im Fitness-Angebot: Nordic Talking\",\"datePublished\":\"2015-01-25T19:32:37+00:00\",\"dateModified\":\"2025-02-10T18:41:45+00:00\",\"mainEntityOfPage\":{\"@id\":\"https:\\\/\\\/poetomat.ch\\\/Wordpress\\\/neu-im-fitness-angebot-nordic-talking\\\/\"},\"wordCount\":386,\"commentCount\":0,\"articleSection\":[\"Uncategorized\"],\"inLanguage\":\"de\",\"potentialAction\":[{\"@type\":\"CommentAction\",\"name\":\"Comment\",\"target\":[\"https:\\\/\\\/poetomat.ch\\\/Wordpress\\\/neu-im-fitness-angebot-nordic-talking\\\/#respond\"]}]},{\"@type\":\"WebPage\",\"@id\":\"https:\\\/\\\/poetomat.ch\\\/Wordpress\\\/neu-im-fitness-angebot-nordic-talking\\\/\",\"url\":\"https:\\\/\\\/poetomat.ch\\\/Wordpress\\\/neu-im-fitness-angebot-nordic-talking\\\/\",\"name\":\"Neu im Fitness-Angebot: Nordic Talking - Stephan Moser \u2013 Journalist BR, Kolumnist (Freiburger Nachrichten &amp; Askforce), Autor\",\"isPartOf\":{\"@id\":\"https:\\\/\\\/poetomat.ch\\\/Wordpress\\\/#website\"},\"datePublished\":\"2015-01-25T19:32:37+00:00\",\"dateModified\":\"2025-02-10T18:41:45+00:00\",\"author\":{\"@id\":\"https:\\\/\\\/poetomat.ch\\\/Wordpress\\\/#\\\/schema\\\/person\\\/2cc02db160cec37374508657cd9d49a8\"},\"breadcrumb\":{\"@id\":\"https:\\\/\\\/poetomat.ch\\\/Wordpress\\\/neu-im-fitness-angebot-nordic-talking\\\/#breadcrumb\"},\"inLanguage\":\"de\",\"potentialAction\":[{\"@type\":\"ReadAction\",\"target\":[\"https:\\\/\\\/poetomat.ch\\\/Wordpress\\\/neu-im-fitness-angebot-nordic-talking\\\/\"]}]},{\"@type\":\"BreadcrumbList\",\"@id\":\"https:\\\/\\\/poetomat.ch\\\/Wordpress\\\/neu-im-fitness-angebot-nordic-talking\\\/#breadcrumb\",\"itemListElement\":[{\"@type\":\"ListItem\",\"position\":1,\"name\":\"Startseite\",\"item\":\"https:\\\/\\\/poetomat.ch\\\/Wordpress\\\/\"},{\"@type\":\"ListItem\",\"position\":2,\"name\":\"Neu im Fitness-Angebot: Nordic Talking\"}]},{\"@type\":\"WebSite\",\"@id\":\"https:\\\/\\\/poetomat.ch\\\/Wordpress\\\/#website\",\"url\":\"https:\\\/\\\/poetomat.ch\\\/Wordpress\\\/\",\"name\":\"Stephan Moser \u2013 Journalist BR, Kolumnist (Freiburger Nachrichten &amp; Askforce), Autor\",\"description\":\"Ich bin Journalist, Historiker und Autor. Ich schreibe Kolumnen f\u00fcr die \u00abFreiburger Nachrichten\u00bb und die \u00abAskforce\u00bb. Ich habe f\u00fcr die Musical- und Theaterb\u00fchne geschrieben und arbeite an der Vertonung des Dudens.\",\"potentialAction\":[{\"@type\":\"SearchAction\",\"target\":{\"@type\":\"EntryPoint\",\"urlTemplate\":\"https:\\\/\\\/poetomat.ch\\\/Wordpress\\\/?s={search_term_string}\"},\"query-input\":{\"@type\":\"PropertyValueSpecification\",\"valueRequired\":true,\"valueName\":\"search_term_string\"}}],\"inLanguage\":\"de\"},{\"@type\":\"Person\",\"@id\":\"https:\\\/\\\/poetomat.ch\\\/Wordpress\\\/#\\\/schema\\\/person\\\/2cc02db160cec37374508657cd9d49a8\",\"name\":\"admin\",\"image\":{\"@type\":\"ImageObject\",\"inLanguage\":\"de\",\"@id\":\"https:\\\/\\\/secure.gravatar.com\\\/avatar\\\/4be47fdcfcd0474bbe6a1552cfc76bc6caaa23737fb0bdd2f33684f0f4961c8e?s=96&d=mm&r=g\",\"url\":\"https:\\\/\\\/secure.gravatar.com\\\/avatar\\\/4be47fdcfcd0474bbe6a1552cfc76bc6caaa23737fb0bdd2f33684f0f4961c8e?s=96&d=mm&r=g\",\"contentUrl\":\"https:\\\/\\\/secure.gravatar.com\\\/avatar\\\/4be47fdcfcd0474bbe6a1552cfc76bc6caaa23737fb0bdd2f33684f0f4961c8e?s=96&d=mm&r=g\",\"caption\":\"admin\"},\"sameAs\":[\"https:\\\/\\\/x.com\\\/poetomat\"],\"url\":\"https:\\\/\\\/poetomat.ch\\\/Wordpress\\\/author\\\/admin\\\/\"}]}<\/script>\n<!-- \/ Yoast SEO plugin. -->","yoast_head_json":{"title":"Neu im Fitness-Angebot: Nordic Talking - Stephan Moser \u2013 Journalist BR, Kolumnist (Freiburger Nachrichten &amp; Askforce), Autor","robots":{"index":"index","follow":"follow","max-snippet":"max-snippet:-1","max-image-preview":"max-image-preview:large","max-video-preview":"max-video-preview:-1"},"canonical":"https:\/\/poetomat.ch\/Wordpress\/neu-im-fitness-angebot-nordic-talking\/","og_locale":"de_DE","og_type":"article","og_title":"Neu im Fitness-Angebot: Nordic Talking - Stephan Moser \u2013 Journalist BR, Kolumnist (Freiburger Nachrichten &amp; Askforce), Autor","og_description":"\u00ab\u00dcbrigens\u00bb in den Freiburger Nachrichten vom 2. September 2014 Nordic Walking war gestern, der Fitnesstrend von morgen heisst \u00abNordic Talking\u00bb. Fit mit Finnisch! Schlank dank Schwedisch! Die f\u00fcnf Norweger! Sie glauben mir nicht? Ich schenke Ihnen eine Schnupperstunde. Hier und jetzt. Machen Sie mit? Dann los. Mit ein bisschen Isl\u00e4ndisch w\u00e4rmen wir uns auf. Alle &hellip; Neu im Fitness-Angebot: Nordic Talking weiterlesen","og_url":"https:\/\/poetomat.ch\/Wordpress\/neu-im-fitness-angebot-nordic-talking\/","og_site_name":"Stephan Moser \u2013 Journalist BR, Kolumnist (Freiburger Nachrichten &amp; Askforce), Autor","article_published_time":"2015-01-25T19:32:37+00:00","article_modified_time":"2025-02-10T18:41:45+00:00","author":"admin","twitter_misc":{"Verfasst von":"admin","Gesch\u00e4tzte Lesezeit":"2\u00a0Minuten"},"schema":{"@context":"https:\/\/schema.org","@graph":[{"@type":"Article","@id":"https:\/\/poetomat.ch\/Wordpress\/neu-im-fitness-angebot-nordic-talking\/#article","isPartOf":{"@id":"https:\/\/poetomat.ch\/Wordpress\/neu-im-fitness-angebot-nordic-talking\/"},"author":{"name":"admin","@id":"https:\/\/poetomat.ch\/Wordpress\/#\/schema\/person\/2cc02db160cec37374508657cd9d49a8"},"headline":"Neu im Fitness-Angebot: Nordic Talking","datePublished":"2015-01-25T19:32:37+00:00","dateModified":"2025-02-10T18:41:45+00:00","mainEntityOfPage":{"@id":"https:\/\/poetomat.ch\/Wordpress\/neu-im-fitness-angebot-nordic-talking\/"},"wordCount":386,"commentCount":0,"articleSection":["Uncategorized"],"inLanguage":"de","potentialAction":[{"@type":"CommentAction","name":"Comment","target":["https:\/\/poetomat.ch\/Wordpress\/neu-im-fitness-angebot-nordic-talking\/#respond"]}]},{"@type":"WebPage","@id":"https:\/\/poetomat.ch\/Wordpress\/neu-im-fitness-angebot-nordic-talking\/","url":"https:\/\/poetomat.ch\/Wordpress\/neu-im-fitness-angebot-nordic-talking\/","name":"Neu im Fitness-Angebot: Nordic Talking - Stephan Moser \u2013 Journalist BR, Kolumnist (Freiburger Nachrichten &amp; Askforce), Autor","isPartOf":{"@id":"https:\/\/poetomat.ch\/Wordpress\/#website"},"datePublished":"2015-01-25T19:32:37+00:00","dateModified":"2025-02-10T18:41:45+00:00","author":{"@id":"https:\/\/poetomat.ch\/Wordpress\/#\/schema\/person\/2cc02db160cec37374508657cd9d49a8"},"breadcrumb":{"@id":"https:\/\/poetomat.ch\/Wordpress\/neu-im-fitness-angebot-nordic-talking\/#breadcrumb"},"inLanguage":"de","potentialAction":[{"@type":"ReadAction","target":["https:\/\/poetomat.ch\/Wordpress\/neu-im-fitness-angebot-nordic-talking\/"]}]},{"@type":"BreadcrumbList","@id":"https:\/\/poetomat.ch\/Wordpress\/neu-im-fitness-angebot-nordic-talking\/#breadcrumb","itemListElement":[{"@type":"ListItem","position":1,"name":"Startseite","item":"https:\/\/poetomat.ch\/Wordpress\/"},{"@type":"ListItem","position":2,"name":"Neu im Fitness-Angebot: Nordic Talking"}]},{"@type":"WebSite","@id":"https:\/\/poetomat.ch\/Wordpress\/#website","url":"https:\/\/poetomat.ch\/Wordpress\/","name":"Stephan Moser \u2013 Journalist BR, Kolumnist (Freiburger Nachrichten &amp; Askforce), Autor","description":"Ich bin Journalist, Historiker und Autor. Ich schreibe Kolumnen f\u00fcr die \u00abFreiburger Nachrichten\u00bb und die \u00abAskforce\u00bb. Ich habe f\u00fcr die Musical- und Theaterb\u00fchne geschrieben und arbeite an der Vertonung des Dudens.","potentialAction":[{"@type":"SearchAction","target":{"@type":"EntryPoint","urlTemplate":"https:\/\/poetomat.ch\/Wordpress\/?s={search_term_string}"},"query-input":{"@type":"PropertyValueSpecification","valueRequired":true,"valueName":"search_term_string"}}],"inLanguage":"de"},{"@type":"Person","@id":"https:\/\/poetomat.ch\/Wordpress\/#\/schema\/person\/2cc02db160cec37374508657cd9d49a8","name":"admin","image":{"@type":"ImageObject","inLanguage":"de","@id":"https:\/\/secure.gravatar.com\/avatar\/4be47fdcfcd0474bbe6a1552cfc76bc6caaa23737fb0bdd2f33684f0f4961c8e?s=96&d=mm&r=g","url":"https:\/\/secure.gravatar.com\/avatar\/4be47fdcfcd0474bbe6a1552cfc76bc6caaa23737fb0bdd2f33684f0f4961c8e?s=96&d=mm&r=g","contentUrl":"https:\/\/secure.gravatar.com\/avatar\/4be47fdcfcd0474bbe6a1552cfc76bc6caaa23737fb0bdd2f33684f0f4961c8e?s=96&d=mm&r=g","caption":"admin"},"sameAs":["https:\/\/x.com\/poetomat"],"url":"https:\/\/poetomat.ch\/Wordpress\/author\/admin\/"}]}},"jetpack_featured_media_url":"","jetpack_sharing_enabled":true,"jetpack_shortlink":"https:\/\/wp.me\/p5IsBv-C","_links":{"self":[{"href":"https:\/\/poetomat.ch\/Wordpress\/wp-json\/wp\/v2\/posts\/38","targetHints":{"allow":["GET"]}}],"collection":[{"href":"https:\/\/poetomat.ch\/Wordpress\/wp-json\/wp\/v2\/posts"}],"about":[{"href":"https:\/\/poetomat.ch\/Wordpress\/wp-json\/wp\/v2\/types\/post"}],"author":[{"embeddable":true,"href":"https:\/\/poetomat.ch\/Wordpress\/wp-json\/wp\/v2\/users\/2"}],"replies":[{"embeddable":true,"href":"https:\/\/poetomat.ch\/Wordpress\/wp-json\/wp\/v2\/comments?post=38"}],"version-history":[{"count":3,"href":"https:\/\/poetomat.ch\/Wordpress\/wp-json\/wp\/v2\/posts\/38\/revisions"}],"predecessor-version":[{"id":1661,"href":"https:\/\/poetomat.ch\/Wordpress\/wp-json\/wp\/v2\/posts\/38\/revisions\/1661"}],"wp:attachment":[{"href":"https:\/\/poetomat.ch\/Wordpress\/wp-json\/wp\/v2\/media?parent=38"}],"wp:term":[{"taxonomy":"category","embeddable":true,"href":"https:\/\/poetomat.ch\/Wordpress\/wp-json\/wp\/v2\/categories?post=38"},{"taxonomy":"post_tag","embeddable":true,"href":"https:\/\/poetomat.ch\/Wordpress\/wp-json\/wp\/v2\/tags?post=38"}],"curies":[{"name":"wp","href":"https:\/\/api.w.org\/{rel}","templated":true}]}}