{"id":36,"date":"2015-01-25T19:31:53","date_gmt":"2015-01-25T19:31:53","guid":{"rendered":"http:\/\/poetomat.ch\/Wordpress\/?p=36"},"modified":"2025-02-10T19:42:28","modified_gmt":"2025-02-10T18:42:28","slug":"diskriminierte-bratwuerste","status":"publish","type":"post","link":"https:\/\/poetomat.ch\/Wordpress\/diskriminierte-bratwuerste\/","title":{"rendered":"Diskriminierte Bratw\u00fcrste"},"content":{"rendered":"<p><strong>\u00ab\u00dcbrigens\u00bb in den Freiburger Nachrichten vom 23. August 2014<\/strong><\/p>\n<p>Kaum ist der Darmlieferengpass bei den Cervelats verdaut, droht den Schweizer Wurstwaren erneut Ungemach: Die Bratwurst-Diskriminierung. Seit Tagen wird von den Plakatw\u00e4nden herab an mein Gutmenschen-Gewissen appelliert: \u00abBratwurst-Diskriminierung stoppen!\u00bb Zwar habe ich nicht ganz verstanden, wer die Bratwurst benachteiligt: Die Veganer? Die Filet-Esser? Das Bundesamt f\u00fcr Gesundheit? Auch die Motive der Bratwurst-Diskriminierer sind mir schleierhaft. Und ich frage mich: Ist nur die Bratwurst betroffen oder werden auch die Wienerli geschnitten, die Salami herabgew\u00fcrdigt und die Blutwurst unterdr\u00fcckt? Ich habe keine Ahnung, aber eine klare Meinung: Es besteht dringender Handlungsbedarf.<\/p>\n<p>Wenn jemand die Bratwurst diskriminiert, dann werde ich zur beleidigten Leberwurst. Denn Fleisch ist mir nicht Wurst und die Wurst punkto Fleisch das h\u00f6chste der Gef\u00fchle. Andere m\u00f6gen von rosa gebratenem Lammr\u00fccken schw\u00e4rmen oder sich nach einem saftigen Steak sehnen, ich singe das Loblied der Wurst. Nicht nur, weil alles andere nur ein Ende hat, die Wurst aber deren zwei. Nein: Ein St\u00fcck rotes Fleisch \u00fcber dem Feuer zu brutzeln, das machten schon die Neandertaler. Das ist keine Kunst. Aber aus, sagen wir es nett, wenig gefragten Fleischst\u00fccken und Gew\u00fcrzen ein Produkt herzustellen, das schmeckt \u2013 das ist eine Kulturleistung, die man nicht hoch genug einsch\u00e4tzen kann. Das Kotelett ist die rohe Natur, die Wurst ist deren Veredelung, ist formgewordener menschlicher Erfindungsgeist. Nicht umsonst heisst es: Wo ein Wille ist, ist auch eine Wurst.<\/p>\n<p>Ja, ich w\u00fcrde sogar so weit gehen, die Wurst als Sinnbild f\u00fcr die Schweiz zu bezeichnen. Unser Land ist ein Gemisch aus vier Sprachen und vielen Kulturen, so wie die Wurst ein Gemenge aus Hack, Speck, Salz und Gew\u00fcrzen ist. Und was h\u00e4lt sie zusammen? Der Wille die Schweiz, die H\u00fclle die Wurst. Wer deshalb die Bratwurst diskriminiert, der reitet auch einen Angriff auf unsere abendl\u00e4ndische Kultur, ja, er r\u00fcttelt an den Grundfesten unseres Landes.<\/p>\n<p>Um ein Zeichen gegen die staatsgef\u00e4hrdende Bratwurst-Diskriminierung zu setzen, ging ich deshalb k\u00fcrzlich zum Metzger meines Vertrauens und erstand eine sch\u00f6ne Bauernbratwurst. Mit vielen Zwiebelringen briet ich sie zu Hause an, l\u00f6schte mit Weisswein und Bouillon ab und liess die Wurst im Sud k\u00f6cheln. Dann verzehrte ich sie, ganz diskriminierungsfrei, bis kein Zipfel mehr von ihr \u00fcbrig war.<\/p>\n<p>Selten hat es so gut getan, meine staatsb\u00fcrgerliche Pflicht zu erf\u00fcllen.<\/p>\n","protected":false},"excerpt":{"rendered":"<p>\u00ab\u00dcbrigens\u00bb in den Freiburger Nachrichten vom 23. August 2014 Kaum ist der Darmlieferengpass bei den Cervelats verdaut, droht den Schweizer Wurstwaren erneut Ungemach: Die Bratwurst-Diskriminierung. Seit Tagen wird von den Plakatw\u00e4nden herab an mein Gutmenschen-Gewissen appelliert: \u00abBratwurst-Diskriminierung stoppen!\u00bb Zwar habe ich nicht ganz verstanden, wer die Bratwurst benachteiligt: Die Veganer? Die Filet-Esser? Das Bundesamt f\u00fcr &hellip; <a href=\"https:\/\/poetomat.ch\/Wordpress\/diskriminierte-bratwuerste\/\" class=\"more-link\"><span class=\"screen-reader-text\">Diskriminierte Bratw\u00fcrste<\/span> weiterlesen<\/a><\/p>\n","protected":false},"author":2,"featured_media":0,"comment_status":"open","ping_status":"closed","sticky":false,"template":"","format":"standard","meta":{"jetpack_post_was_ever_published":false,"_jetpack_newsletter_access":"","_jetpack_dont_email_post_to_subs":false,"_jetpack_newsletter_tier_id":0,"_jetpack_memberships_contains_paywalled_content":false,"_jetpack_memberships_contains_paid_content":false,"footnotes":""},"categories":[1],"tags":[],"class_list":["post-36","post","type-post","status-publish","format-standard","hentry","category-uncategorized"],"yoast_head":"<!-- This site is optimized with the Yoast SEO plugin v27.4 - https:\/\/yoast.com\/product\/yoast-seo-wordpress\/ -->\n<title>Diskriminierte Bratw\u00fcrste - Stephan Moser \u2013 Journalist BR, Kolumnist (Freiburger Nachrichten &amp; Askforce), Autor<\/title>\n<meta name=\"robots\" content=\"index, follow, max-snippet:-1, max-image-preview:large, max-video-preview:-1\" \/>\n<link rel=\"canonical\" href=\"https:\/\/poetomat.ch\/Wordpress\/diskriminierte-bratwuerste\/\" \/>\n<meta property=\"og:locale\" content=\"de_DE\" \/>\n<meta property=\"og:type\" content=\"article\" \/>\n<meta property=\"og:title\" content=\"Diskriminierte Bratw\u00fcrste - Stephan Moser \u2013 Journalist BR, Kolumnist (Freiburger Nachrichten &amp; Askforce), Autor\" \/>\n<meta property=\"og:description\" content=\"\u00ab\u00dcbrigens\u00bb in den Freiburger Nachrichten vom 23. August 2014 Kaum ist der Darmlieferengpass bei den Cervelats verdaut, droht den Schweizer Wurstwaren erneut Ungemach: Die Bratwurst-Diskriminierung. Seit Tagen wird von den Plakatw\u00e4nden herab an mein Gutmenschen-Gewissen appelliert: \u00abBratwurst-Diskriminierung stoppen!\u00bb Zwar habe ich nicht ganz verstanden, wer die Bratwurst benachteiligt: Die Veganer? Die Filet-Esser? Das Bundesamt f\u00fcr &hellip; Diskriminierte Bratw\u00fcrste weiterlesen\" \/>\n<meta property=\"og:url\" content=\"https:\/\/poetomat.ch\/Wordpress\/diskriminierte-bratwuerste\/\" \/>\n<meta property=\"og:site_name\" content=\"Stephan Moser \u2013 Journalist BR, Kolumnist (Freiburger Nachrichten &amp; Askforce), Autor\" \/>\n<meta property=\"article:published_time\" content=\"2015-01-25T19:31:53+00:00\" \/>\n<meta property=\"article:modified_time\" content=\"2025-02-10T18:42:28+00:00\" \/>\n<meta name=\"author\" content=\"admin\" \/>\n<meta name=\"twitter:label1\" content=\"Verfasst von\" \/>\n\t<meta name=\"twitter:data1\" content=\"admin\" \/>\n\t<meta name=\"twitter:label2\" content=\"Gesch\u00e4tzte Lesezeit\" \/>\n\t<meta name=\"twitter:data2\" content=\"3\u00a0Minuten\" \/>\n<script type=\"application\/ld+json\" class=\"yoast-schema-graph\">{\"@context\":\"https:\\\/\\\/schema.org\",\"@graph\":[{\"@type\":\"Article\",\"@id\":\"https:\\\/\\\/poetomat.ch\\\/Wordpress\\\/diskriminierte-bratwuerste\\\/#article\",\"isPartOf\":{\"@id\":\"https:\\\/\\\/poetomat.ch\\\/Wordpress\\\/diskriminierte-bratwuerste\\\/\"},\"author\":{\"name\":\"admin\",\"@id\":\"https:\\\/\\\/poetomat.ch\\\/Wordpress\\\/#\\\/schema\\\/person\\\/2cc02db160cec37374508657cd9d49a8\"},\"headline\":\"Diskriminierte Bratw\u00fcrste\",\"datePublished\":\"2015-01-25T19:31:53+00:00\",\"dateModified\":\"2025-02-10T18:42:28+00:00\",\"mainEntityOfPage\":{\"@id\":\"https:\\\/\\\/poetomat.ch\\\/Wordpress\\\/diskriminierte-bratwuerste\\\/\"},\"wordCount\":403,\"commentCount\":0,\"articleSection\":[\"Uncategorized\"],\"inLanguage\":\"de\",\"potentialAction\":[{\"@type\":\"CommentAction\",\"name\":\"Comment\",\"target\":[\"https:\\\/\\\/poetomat.ch\\\/Wordpress\\\/diskriminierte-bratwuerste\\\/#respond\"]}]},{\"@type\":\"WebPage\",\"@id\":\"https:\\\/\\\/poetomat.ch\\\/Wordpress\\\/diskriminierte-bratwuerste\\\/\",\"url\":\"https:\\\/\\\/poetomat.ch\\\/Wordpress\\\/diskriminierte-bratwuerste\\\/\",\"name\":\"Diskriminierte Bratw\u00fcrste - Stephan Moser \u2013 Journalist BR, Kolumnist (Freiburger Nachrichten &amp; Askforce), Autor\",\"isPartOf\":{\"@id\":\"https:\\\/\\\/poetomat.ch\\\/Wordpress\\\/#website\"},\"datePublished\":\"2015-01-25T19:31:53+00:00\",\"dateModified\":\"2025-02-10T18:42:28+00:00\",\"author\":{\"@id\":\"https:\\\/\\\/poetomat.ch\\\/Wordpress\\\/#\\\/schema\\\/person\\\/2cc02db160cec37374508657cd9d49a8\"},\"breadcrumb\":{\"@id\":\"https:\\\/\\\/poetomat.ch\\\/Wordpress\\\/diskriminierte-bratwuerste\\\/#breadcrumb\"},\"inLanguage\":\"de\",\"potentialAction\":[{\"@type\":\"ReadAction\",\"target\":[\"https:\\\/\\\/poetomat.ch\\\/Wordpress\\\/diskriminierte-bratwuerste\\\/\"]}]},{\"@type\":\"BreadcrumbList\",\"@id\":\"https:\\\/\\\/poetomat.ch\\\/Wordpress\\\/diskriminierte-bratwuerste\\\/#breadcrumb\",\"itemListElement\":[{\"@type\":\"ListItem\",\"position\":1,\"name\":\"Startseite\",\"item\":\"https:\\\/\\\/poetomat.ch\\\/Wordpress\\\/\"},{\"@type\":\"ListItem\",\"position\":2,\"name\":\"Diskriminierte Bratw\u00fcrste\"}]},{\"@type\":\"WebSite\",\"@id\":\"https:\\\/\\\/poetomat.ch\\\/Wordpress\\\/#website\",\"url\":\"https:\\\/\\\/poetomat.ch\\\/Wordpress\\\/\",\"name\":\"Stephan Moser \u2013 Journalist BR, Kolumnist (Freiburger Nachrichten &amp; Askforce), Autor\",\"description\":\"Ich bin Journalist, Historiker und Autor. Ich schreibe Kolumnen f\u00fcr die \u00abFreiburger Nachrichten\u00bb und die \u00abAskforce\u00bb. Ich habe f\u00fcr die Musical- und Theaterb\u00fchne geschrieben und arbeite an der Vertonung des Dudens.\",\"potentialAction\":[{\"@type\":\"SearchAction\",\"target\":{\"@type\":\"EntryPoint\",\"urlTemplate\":\"https:\\\/\\\/poetomat.ch\\\/Wordpress\\\/?s={search_term_string}\"},\"query-input\":{\"@type\":\"PropertyValueSpecification\",\"valueRequired\":true,\"valueName\":\"search_term_string\"}}],\"inLanguage\":\"de\"},{\"@type\":\"Person\",\"@id\":\"https:\\\/\\\/poetomat.ch\\\/Wordpress\\\/#\\\/schema\\\/person\\\/2cc02db160cec37374508657cd9d49a8\",\"name\":\"admin\",\"image\":{\"@type\":\"ImageObject\",\"inLanguage\":\"de\",\"@id\":\"https:\\\/\\\/secure.gravatar.com\\\/avatar\\\/4be47fdcfcd0474bbe6a1552cfc76bc6caaa23737fb0bdd2f33684f0f4961c8e?s=96&d=mm&r=g\",\"url\":\"https:\\\/\\\/secure.gravatar.com\\\/avatar\\\/4be47fdcfcd0474bbe6a1552cfc76bc6caaa23737fb0bdd2f33684f0f4961c8e?s=96&d=mm&r=g\",\"contentUrl\":\"https:\\\/\\\/secure.gravatar.com\\\/avatar\\\/4be47fdcfcd0474bbe6a1552cfc76bc6caaa23737fb0bdd2f33684f0f4961c8e?s=96&d=mm&r=g\",\"caption\":\"admin\"},\"sameAs\":[\"https:\\\/\\\/x.com\\\/poetomat\"],\"url\":\"https:\\\/\\\/poetomat.ch\\\/Wordpress\\\/author\\\/admin\\\/\"}]}<\/script>\n<!-- \/ Yoast SEO plugin. -->","yoast_head_json":{"title":"Diskriminierte Bratw\u00fcrste - Stephan Moser \u2013 Journalist BR, Kolumnist (Freiburger Nachrichten &amp; Askforce), Autor","robots":{"index":"index","follow":"follow","max-snippet":"max-snippet:-1","max-image-preview":"max-image-preview:large","max-video-preview":"max-video-preview:-1"},"canonical":"https:\/\/poetomat.ch\/Wordpress\/diskriminierte-bratwuerste\/","og_locale":"de_DE","og_type":"article","og_title":"Diskriminierte Bratw\u00fcrste - Stephan Moser \u2013 Journalist BR, Kolumnist (Freiburger Nachrichten &amp; Askforce), Autor","og_description":"\u00ab\u00dcbrigens\u00bb in den Freiburger Nachrichten vom 23. August 2014 Kaum ist der Darmlieferengpass bei den Cervelats verdaut, droht den Schweizer Wurstwaren erneut Ungemach: Die Bratwurst-Diskriminierung. Seit Tagen wird von den Plakatw\u00e4nden herab an mein Gutmenschen-Gewissen appelliert: \u00abBratwurst-Diskriminierung stoppen!\u00bb Zwar habe ich nicht ganz verstanden, wer die Bratwurst benachteiligt: Die Veganer? Die Filet-Esser? Das Bundesamt f\u00fcr &hellip; Diskriminierte Bratw\u00fcrste weiterlesen","og_url":"https:\/\/poetomat.ch\/Wordpress\/diskriminierte-bratwuerste\/","og_site_name":"Stephan Moser \u2013 Journalist BR, Kolumnist (Freiburger Nachrichten &amp; Askforce), Autor","article_published_time":"2015-01-25T19:31:53+00:00","article_modified_time":"2025-02-10T18:42:28+00:00","author":"admin","twitter_misc":{"Verfasst von":"admin","Gesch\u00e4tzte Lesezeit":"3\u00a0Minuten"},"schema":{"@context":"https:\/\/schema.org","@graph":[{"@type":"Article","@id":"https:\/\/poetomat.ch\/Wordpress\/diskriminierte-bratwuerste\/#article","isPartOf":{"@id":"https:\/\/poetomat.ch\/Wordpress\/diskriminierte-bratwuerste\/"},"author":{"name":"admin","@id":"https:\/\/poetomat.ch\/Wordpress\/#\/schema\/person\/2cc02db160cec37374508657cd9d49a8"},"headline":"Diskriminierte Bratw\u00fcrste","datePublished":"2015-01-25T19:31:53+00:00","dateModified":"2025-02-10T18:42:28+00:00","mainEntityOfPage":{"@id":"https:\/\/poetomat.ch\/Wordpress\/diskriminierte-bratwuerste\/"},"wordCount":403,"commentCount":0,"articleSection":["Uncategorized"],"inLanguage":"de","potentialAction":[{"@type":"CommentAction","name":"Comment","target":["https:\/\/poetomat.ch\/Wordpress\/diskriminierte-bratwuerste\/#respond"]}]},{"@type":"WebPage","@id":"https:\/\/poetomat.ch\/Wordpress\/diskriminierte-bratwuerste\/","url":"https:\/\/poetomat.ch\/Wordpress\/diskriminierte-bratwuerste\/","name":"Diskriminierte Bratw\u00fcrste - Stephan Moser \u2013 Journalist BR, Kolumnist (Freiburger Nachrichten &amp; Askforce), Autor","isPartOf":{"@id":"https:\/\/poetomat.ch\/Wordpress\/#website"},"datePublished":"2015-01-25T19:31:53+00:00","dateModified":"2025-02-10T18:42:28+00:00","author":{"@id":"https:\/\/poetomat.ch\/Wordpress\/#\/schema\/person\/2cc02db160cec37374508657cd9d49a8"},"breadcrumb":{"@id":"https:\/\/poetomat.ch\/Wordpress\/diskriminierte-bratwuerste\/#breadcrumb"},"inLanguage":"de","potentialAction":[{"@type":"ReadAction","target":["https:\/\/poetomat.ch\/Wordpress\/diskriminierte-bratwuerste\/"]}]},{"@type":"BreadcrumbList","@id":"https:\/\/poetomat.ch\/Wordpress\/diskriminierte-bratwuerste\/#breadcrumb","itemListElement":[{"@type":"ListItem","position":1,"name":"Startseite","item":"https:\/\/poetomat.ch\/Wordpress\/"},{"@type":"ListItem","position":2,"name":"Diskriminierte Bratw\u00fcrste"}]},{"@type":"WebSite","@id":"https:\/\/poetomat.ch\/Wordpress\/#website","url":"https:\/\/poetomat.ch\/Wordpress\/","name":"Stephan Moser \u2013 Journalist BR, Kolumnist (Freiburger Nachrichten &amp; Askforce), Autor","description":"Ich bin Journalist, Historiker und Autor. Ich schreibe Kolumnen f\u00fcr die \u00abFreiburger Nachrichten\u00bb und die \u00abAskforce\u00bb. Ich habe f\u00fcr die Musical- und Theaterb\u00fchne geschrieben und arbeite an der Vertonung des Dudens.","potentialAction":[{"@type":"SearchAction","target":{"@type":"EntryPoint","urlTemplate":"https:\/\/poetomat.ch\/Wordpress\/?s={search_term_string}"},"query-input":{"@type":"PropertyValueSpecification","valueRequired":true,"valueName":"search_term_string"}}],"inLanguage":"de"},{"@type":"Person","@id":"https:\/\/poetomat.ch\/Wordpress\/#\/schema\/person\/2cc02db160cec37374508657cd9d49a8","name":"admin","image":{"@type":"ImageObject","inLanguage":"de","@id":"https:\/\/secure.gravatar.com\/avatar\/4be47fdcfcd0474bbe6a1552cfc76bc6caaa23737fb0bdd2f33684f0f4961c8e?s=96&d=mm&r=g","url":"https:\/\/secure.gravatar.com\/avatar\/4be47fdcfcd0474bbe6a1552cfc76bc6caaa23737fb0bdd2f33684f0f4961c8e?s=96&d=mm&r=g","contentUrl":"https:\/\/secure.gravatar.com\/avatar\/4be47fdcfcd0474bbe6a1552cfc76bc6caaa23737fb0bdd2f33684f0f4961c8e?s=96&d=mm&r=g","caption":"admin"},"sameAs":["https:\/\/x.com\/poetomat"],"url":"https:\/\/poetomat.ch\/Wordpress\/author\/admin\/"}]}},"jetpack_featured_media_url":"","jetpack_sharing_enabled":true,"jetpack_shortlink":"https:\/\/wp.me\/p5IsBv-A","_links":{"self":[{"href":"https:\/\/poetomat.ch\/Wordpress\/wp-json\/wp\/v2\/posts\/36","targetHints":{"allow":["GET"]}}],"collection":[{"href":"https:\/\/poetomat.ch\/Wordpress\/wp-json\/wp\/v2\/posts"}],"about":[{"href":"https:\/\/poetomat.ch\/Wordpress\/wp-json\/wp\/v2\/types\/post"}],"author":[{"embeddable":true,"href":"https:\/\/poetomat.ch\/Wordpress\/wp-json\/wp\/v2\/users\/2"}],"replies":[{"embeddable":true,"href":"https:\/\/poetomat.ch\/Wordpress\/wp-json\/wp\/v2\/comments?post=36"}],"version-history":[{"count":4,"href":"https:\/\/poetomat.ch\/Wordpress\/wp-json\/wp\/v2\/posts\/36\/revisions"}],"predecessor-version":[{"id":1662,"href":"https:\/\/poetomat.ch\/Wordpress\/wp-json\/wp\/v2\/posts\/36\/revisions\/1662"}],"wp:attachment":[{"href":"https:\/\/poetomat.ch\/Wordpress\/wp-json\/wp\/v2\/media?parent=36"}],"wp:term":[{"taxonomy":"category","embeddable":true,"href":"https:\/\/poetomat.ch\/Wordpress\/wp-json\/wp\/v2\/categories?post=36"},{"taxonomy":"post_tag","embeddable":true,"href":"https:\/\/poetomat.ch\/Wordpress\/wp-json\/wp\/v2\/tags?post=36"}],"curies":[{"name":"wp","href":"https:\/\/api.w.org\/{rel}","templated":true}]}}