{"id":353,"date":"2015-05-06T08:14:49","date_gmt":"2015-05-06T07:14:49","guid":{"rendered":"http:\/\/poetomat.ch\/Wordpress\/?p=353"},"modified":"2025-02-10T19:26:12","modified_gmt":"2025-02-10T18:26:12","slug":"tischgespraech","status":"publish","type":"post","link":"https:\/\/poetomat.ch\/Wordpress\/tischgespraech\/","title":{"rendered":"Tischgespr\u00e4ch"},"content":{"rendered":"<p><img loading=\"lazy\" decoding=\"async\" class=\"alignleft wp-image-362 size-large\" title=\"Iss dein Gem\u00fcse, Foto: Stephan Moser\" src=\"http:\/\/poetomat.ch\/Wordpress\/wp-content\/uploads\/2015\/05\/IMG_0478-1024x1024.jpg\" alt=\"Iss dein Gem\u00fcse\" width=\"660\" height=\"660\" srcset=\"https:\/\/poetomat.ch\/Wordpress\/wp-content\/uploads\/2015\/05\/IMG_0478-1024x1024.jpg 1024w, https:\/\/poetomat.ch\/Wordpress\/wp-content\/uploads\/2015\/05\/IMG_0478-150x150.jpg 150w, https:\/\/poetomat.ch\/Wordpress\/wp-content\/uploads\/2015\/05\/IMG_0478-300x300.jpg 300w, https:\/\/poetomat.ch\/Wordpress\/wp-content\/uploads\/2015\/05\/IMG_0478.jpg 1936w\" sizes=\"auto, (max-width: 660px) 100vw, 660px\" \/><br \/>\n<strong>\u00ab\u00dcbrigens\u00bb in den Freiburger Nachrichten vom 29. April 2015<\/strong><\/p>\n<p>Iss dein Gem\u00fcse. Iss doch dein Gem\u00fcse. Du hast noch gar nichts von deinem Gem\u00fcse gegessen. Ich bin nicht einverstanden, dass du nur Fleisch isst. \u2013 Nein, Kartoffeln sind kein Gem\u00fcse. Was Kartoffeln sind? Was anderes halt \u2013 aber kein Gem\u00fcse. Das Gr\u00fcne da, das ist Gem\u00fcse. Gr\u00fcn ist doch deine Lieblingsfarbe. \u2013 Rosa? Seit wann denn Rosa? Nein, es gibt kein rosa Gem\u00fcse. Auch keine Hello-Kitty-Erbsen. Nein, wir m\u00fcssen nicht in der Migros nachschauen gehen. Das gibt\u2019s nicht. Bestimmt. Und jetzt iss dein Gem\u00fcse.<\/p>\n<p>Aber nimm die Gabel. Du bist doch kein Baby mehr. Und nicht die fettigen Finger am Pullover \u2026 Wozu hast du denn eine Serviette! Lernt ihr in der Krippe eigentlich nichts? Muss man euch denn alles selber beibringen?<\/p>\n<p>Iss jetzt dein Gem\u00fcse. Bitte. Und nimm die F\u00fcsse vom Tisch, Herrgottst\u00e4rne. Und setz dich anst\u00e4ndig hin. Nicht mit den Fingern. Nicht mit den Fingern. Nicht mit den Fingern, habe ich gesagt! Wozu hast du eine Gabel? \u2013 Wieso hast du keine Gabel? Wo ist deine Gabel? \u2013 Muss eigentlich alles immer am Boden liegen? Und wer muss nachher wieder die ganze Sauerei wegputzen? Ist doch wahr.<\/p>\n<p>Da, deine Gabel. Und jetzt iss endlich. Immer so ungem\u00fctlich beim Essen. Wir k\u00f6nnten doch auch friedlich am Tisch sitzen, wie alle anderen auch. Wie gesittete Menschen und ruhig miteinander reden. So. Siehst du, geht doch.<\/p>\n<p>Jetzt h\u00f6r sofort auf. Geht\u2019s eigentlich noch? Mit dem Sirup auf dem Tisch malen \u2013 das hast du sicher aus der Krippe. Oder woher hast du das? H\u00f6r auf jetzt. Aber sofort. \u2013 Mir egal, ob das ein Elefant ist. Und nein, es gibt kein R\u00f6hrli. Auch kein rosarotes. \u2013 Mir doch wurscht, wenn\u2019s beim Grosi eins gibt. Und damit basta!<\/p>\n<p>Nein, es gibt keine Wurst. Und auch keine Nudeln. Basta, habe ich gesagt \u2013 nicht Pasta. Machst du das eigentlich extra, um mich zu \u00e4rgern?<\/p>\n<p>Und jetzt iss dein Gem\u00fcse. \u2013 Ich weiss selber, dass es verkocht ist. Aber du musstest dir ja unbedingt mit dem Bostitch den Daumen \u2026 Dabei habe ich dir tausend Mal gesagt, dass du im B\u00fcro nichts verloren hast. Und dann musste es ja umsverrode ein Pfl\u00e4sterli mit einer Giraffe drauf sein. Und jetzt ist das Gem\u00fcse halt Matsch und die Vitamine sind alle tot. Satt macht\u2019s trotzdem. Und vor dem Zvieri gibt\u2019s sicher nichts anderes, im Fall, also iss jetzt dein Gem\u00fcse.<\/p>\n<p>Nachtisch? Kriegst du sicher nicht, wenn du nicht alles aufisst. Das kannst du vergessen. Erst machst du den Teller leer.<\/p>\n<p>Aber wenigstens das Gem\u00fcse. Einen L\u00f6ffel voll nur, komm. Mir zuliebe. \u2013 Gut, ich esse dein Gem\u00fcse und du kriegst meinen Nachtisch.<\/p>\n<p>Und ich brauche jetzt einen Kaffee.<\/p>\n","protected":false},"excerpt":{"rendered":"<p>\u00ab\u00dcbrigens\u00bb in den Freiburger Nachrichten vom 29. April 2015 Iss dein Gem\u00fcse. Iss doch dein Gem\u00fcse. Du hast noch gar nichts von deinem Gem\u00fcse gegessen. Ich bin nicht einverstanden, dass du nur Fleisch isst. \u2013 Nein, Kartoffeln sind kein Gem\u00fcse. Was Kartoffeln sind? Was anderes halt \u2013 aber kein Gem\u00fcse. Das Gr\u00fcne da, das ist &hellip; <a href=\"https:\/\/poetomat.ch\/Wordpress\/tischgespraech\/\" class=\"more-link\"><span class=\"screen-reader-text\">Tischgespr\u00e4ch<\/span> weiterlesen<\/a><\/p>\n","protected":false},"author":2,"featured_media":0,"comment_status":"open","ping_status":"closed","sticky":false,"template":"","format":"standard","meta":{"jetpack_post_was_ever_published":false,"_jetpack_newsletter_access":"","_jetpack_dont_email_post_to_subs":false,"_jetpack_newsletter_tier_id":0,"_jetpack_memberships_contains_paywalled_content":false,"_jetpack_memberships_contains_paid_content":false,"footnotes":""},"categories":[1],"tags":[],"class_list":["post-353","post","type-post","status-publish","format-standard","hentry","category-uncategorized"],"yoast_head":"<!-- This site is optimized with the Yoast SEO plugin v27.4 - https:\/\/yoast.com\/product\/yoast-seo-wordpress\/ -->\n<title>Tischgespr\u00e4ch \u2013 \u00ab\u00dcbrigens\u00bb von Stephan Moser<\/title>\n<meta name=\"description\" content=\"Iss dein Gem\u00fcse. Iss doch dein Gem\u00fcse. \u2013 Eine Kolumne \u00fcber Macht und Ohnmacht am Mittagstisch.\" \/>\n<meta name=\"robots\" content=\"index, follow, max-snippet:-1, max-image-preview:large, max-video-preview:-1\" \/>\n<link rel=\"canonical\" href=\"https:\/\/poetomat.ch\/Wordpress\/tischgespraech\/\" \/>\n<meta property=\"og:locale\" content=\"de_DE\" \/>\n<meta property=\"og:type\" content=\"article\" \/>\n<meta property=\"og:title\" content=\"Tischgespr\u00e4ch \u2013 \u00ab\u00dcbrigens\u00bb von Stephan Moser\" \/>\n<meta property=\"og:description\" content=\"Iss dein Gem\u00fcse. Iss doch dein Gem\u00fcse. Du hast noch gar nichts von deinem Gem\u00fcse gegessen. \u2013 Eine Kolumne \u00fcber Macht und Ohnmacht am Mittagstisch.\" \/>\n<meta property=\"og:url\" content=\"https:\/\/poetomat.ch\/Wordpress\/tischgespraech\/\" \/>\n<meta property=\"og:site_name\" content=\"Stephan Moser \u2013 Journalist BR, Kolumnist (Freiburger Nachrichten &amp; Askforce), Autor\" \/>\n<meta property=\"article:published_time\" content=\"2015-05-06T07:14:49+00:00\" \/>\n<meta property=\"article:modified_time\" content=\"2025-02-10T18:26:12+00:00\" \/>\n<meta property=\"og:image\" content=\"https:\/\/poetomat.ch\/Wordpress\/wp-content\/uploads\/2015\/05\/IMG_0478.jpg\" \/>\n\t<meta property=\"og:image:width\" content=\"1936\" \/>\n\t<meta property=\"og:image:height\" content=\"1936\" \/>\n\t<meta property=\"og:image:type\" content=\"image\/jpeg\" \/>\n<meta name=\"author\" content=\"admin\" \/>\n<meta name=\"twitter:label1\" content=\"Verfasst von\" \/>\n\t<meta name=\"twitter:data1\" content=\"admin\" \/>\n\t<meta name=\"twitter:label2\" content=\"Gesch\u00e4tzte Lesezeit\" \/>\n\t<meta name=\"twitter:data2\" content=\"3\u00a0Minuten\" \/>\n<script type=\"application\/ld+json\" class=\"yoast-schema-graph\">{\"@context\":\"https:\\\/\\\/schema.org\",\"@graph\":[{\"@type\":\"Article\",\"@id\":\"https:\\\/\\\/poetomat.ch\\\/Wordpress\\\/tischgespraech\\\/#article\",\"isPartOf\":{\"@id\":\"https:\\\/\\\/poetomat.ch\\\/Wordpress\\\/tischgespraech\\\/\"},\"author\":{\"name\":\"admin\",\"@id\":\"https:\\\/\\\/poetomat.ch\\\/Wordpress\\\/#\\\/schema\\\/person\\\/2cc02db160cec37374508657cd9d49a8\"},\"headline\":\"Tischgespr\u00e4ch\",\"datePublished\":\"2015-05-06T07:14:49+00:00\",\"dateModified\":\"2025-02-10T18:26:12+00:00\",\"mainEntityOfPage\":{\"@id\":\"https:\\\/\\\/poetomat.ch\\\/Wordpress\\\/tischgespraech\\\/\"},\"wordCount\":472,\"commentCount\":0,\"image\":{\"@id\":\"https:\\\/\\\/poetomat.ch\\\/Wordpress\\\/tischgespraech\\\/#primaryimage\"},\"thumbnailUrl\":\"http:\\\/\\\/poetomat.ch\\\/Wordpress\\\/wp-content\\\/uploads\\\/2015\\\/05\\\/IMG_0478-1024x1024.jpg\",\"articleSection\":[\"Uncategorized\"],\"inLanguage\":\"de\",\"potentialAction\":[{\"@type\":\"CommentAction\",\"name\":\"Comment\",\"target\":[\"https:\\\/\\\/poetomat.ch\\\/Wordpress\\\/tischgespraech\\\/#respond\"]}]},{\"@type\":\"WebPage\",\"@id\":\"https:\\\/\\\/poetomat.ch\\\/Wordpress\\\/tischgespraech\\\/\",\"url\":\"https:\\\/\\\/poetomat.ch\\\/Wordpress\\\/tischgespraech\\\/\",\"name\":\"Tischgespr\u00e4ch \u2013 \u00ab\u00dcbrigens\u00bb von Stephan Moser\",\"isPartOf\":{\"@id\":\"https:\\\/\\\/poetomat.ch\\\/Wordpress\\\/#website\"},\"primaryImageOfPage\":{\"@id\":\"https:\\\/\\\/poetomat.ch\\\/Wordpress\\\/tischgespraech\\\/#primaryimage\"},\"image\":{\"@id\":\"https:\\\/\\\/poetomat.ch\\\/Wordpress\\\/tischgespraech\\\/#primaryimage\"},\"thumbnailUrl\":\"http:\\\/\\\/poetomat.ch\\\/Wordpress\\\/wp-content\\\/uploads\\\/2015\\\/05\\\/IMG_0478-1024x1024.jpg\",\"datePublished\":\"2015-05-06T07:14:49+00:00\",\"dateModified\":\"2025-02-10T18:26:12+00:00\",\"author\":{\"@id\":\"https:\\\/\\\/poetomat.ch\\\/Wordpress\\\/#\\\/schema\\\/person\\\/2cc02db160cec37374508657cd9d49a8\"},\"description\":\"Iss dein Gem\u00fcse. Iss doch dein Gem\u00fcse. \u2013 Eine Kolumne \u00fcber Macht und Ohnmacht am Mittagstisch.\",\"breadcrumb\":{\"@id\":\"https:\\\/\\\/poetomat.ch\\\/Wordpress\\\/tischgespraech\\\/#breadcrumb\"},\"inLanguage\":\"de\",\"potentialAction\":[{\"@type\":\"ReadAction\",\"target\":[\"https:\\\/\\\/poetomat.ch\\\/Wordpress\\\/tischgespraech\\\/\"]}]},{\"@type\":\"ImageObject\",\"inLanguage\":\"de\",\"@id\":\"https:\\\/\\\/poetomat.ch\\\/Wordpress\\\/tischgespraech\\\/#primaryimage\",\"url\":\"http:\\\/\\\/poetomat.ch\\\/Wordpress\\\/wp-content\\\/uploads\\\/2015\\\/05\\\/IMG_0478-1024x1024.jpg\",\"contentUrl\":\"http:\\\/\\\/poetomat.ch\\\/Wordpress\\\/wp-content\\\/uploads\\\/2015\\\/05\\\/IMG_0478-1024x1024.jpg\"},{\"@type\":\"BreadcrumbList\",\"@id\":\"https:\\\/\\\/poetomat.ch\\\/Wordpress\\\/tischgespraech\\\/#breadcrumb\",\"itemListElement\":[{\"@type\":\"ListItem\",\"position\":1,\"name\":\"Startseite\",\"item\":\"https:\\\/\\\/poetomat.ch\\\/Wordpress\\\/\"},{\"@type\":\"ListItem\",\"position\":2,\"name\":\"Tischgespr\u00e4ch\"}]},{\"@type\":\"WebSite\",\"@id\":\"https:\\\/\\\/poetomat.ch\\\/Wordpress\\\/#website\",\"url\":\"https:\\\/\\\/poetomat.ch\\\/Wordpress\\\/\",\"name\":\"Stephan Moser \u2013 Journalist BR, Kolumnist (Freiburger Nachrichten &amp; Askforce), Autor\",\"description\":\"Ich bin Journalist, Historiker und Autor. Ich schreibe Kolumnen f\u00fcr die \u00abFreiburger Nachrichten\u00bb und die \u00abAskforce\u00bb. Ich habe f\u00fcr die Musical- und Theaterb\u00fchne geschrieben und arbeite an der Vertonung des Dudens.\",\"potentialAction\":[{\"@type\":\"SearchAction\",\"target\":{\"@type\":\"EntryPoint\",\"urlTemplate\":\"https:\\\/\\\/poetomat.ch\\\/Wordpress\\\/?s={search_term_string}\"},\"query-input\":{\"@type\":\"PropertyValueSpecification\",\"valueRequired\":true,\"valueName\":\"search_term_string\"}}],\"inLanguage\":\"de\"},{\"@type\":\"Person\",\"@id\":\"https:\\\/\\\/poetomat.ch\\\/Wordpress\\\/#\\\/schema\\\/person\\\/2cc02db160cec37374508657cd9d49a8\",\"name\":\"admin\",\"image\":{\"@type\":\"ImageObject\",\"inLanguage\":\"de\",\"@id\":\"https:\\\/\\\/secure.gravatar.com\\\/avatar\\\/4be47fdcfcd0474bbe6a1552cfc76bc6caaa23737fb0bdd2f33684f0f4961c8e?s=96&d=mm&r=g\",\"url\":\"https:\\\/\\\/secure.gravatar.com\\\/avatar\\\/4be47fdcfcd0474bbe6a1552cfc76bc6caaa23737fb0bdd2f33684f0f4961c8e?s=96&d=mm&r=g\",\"contentUrl\":\"https:\\\/\\\/secure.gravatar.com\\\/avatar\\\/4be47fdcfcd0474bbe6a1552cfc76bc6caaa23737fb0bdd2f33684f0f4961c8e?s=96&d=mm&r=g\",\"caption\":\"admin\"},\"sameAs\":[\"https:\\\/\\\/x.com\\\/poetomat\"],\"url\":\"https:\\\/\\\/poetomat.ch\\\/Wordpress\\\/author\\\/admin\\\/\"}]}<\/script>\n<!-- \/ Yoast SEO plugin. -->","yoast_head_json":{"title":"Tischgespr\u00e4ch \u2013 \u00ab\u00dcbrigens\u00bb von Stephan Moser","description":"Iss dein Gem\u00fcse. Iss doch dein Gem\u00fcse. \u2013 Eine Kolumne \u00fcber Macht und Ohnmacht am Mittagstisch.","robots":{"index":"index","follow":"follow","max-snippet":"max-snippet:-1","max-image-preview":"max-image-preview:large","max-video-preview":"max-video-preview:-1"},"canonical":"https:\/\/poetomat.ch\/Wordpress\/tischgespraech\/","og_locale":"de_DE","og_type":"article","og_title":"Tischgespr\u00e4ch \u2013 \u00ab\u00dcbrigens\u00bb von Stephan Moser","og_description":"Iss dein Gem\u00fcse. Iss doch dein Gem\u00fcse. Du hast noch gar nichts von deinem Gem\u00fcse gegessen. \u2013 Eine Kolumne \u00fcber Macht und Ohnmacht am Mittagstisch.","og_url":"https:\/\/poetomat.ch\/Wordpress\/tischgespraech\/","og_site_name":"Stephan Moser \u2013 Journalist BR, Kolumnist (Freiburger Nachrichten &amp; Askforce), Autor","article_published_time":"2015-05-06T07:14:49+00:00","article_modified_time":"2025-02-10T18:26:12+00:00","og_image":[{"width":1936,"height":1936,"url":"https:\/\/poetomat.ch\/Wordpress\/wp-content\/uploads\/2015\/05\/IMG_0478.jpg","type":"image\/jpeg"}],"author":"admin","twitter_misc":{"Verfasst von":"admin","Gesch\u00e4tzte Lesezeit":"3\u00a0Minuten"},"schema":{"@context":"https:\/\/schema.org","@graph":[{"@type":"Article","@id":"https:\/\/poetomat.ch\/Wordpress\/tischgespraech\/#article","isPartOf":{"@id":"https:\/\/poetomat.ch\/Wordpress\/tischgespraech\/"},"author":{"name":"admin","@id":"https:\/\/poetomat.ch\/Wordpress\/#\/schema\/person\/2cc02db160cec37374508657cd9d49a8"},"headline":"Tischgespr\u00e4ch","datePublished":"2015-05-06T07:14:49+00:00","dateModified":"2025-02-10T18:26:12+00:00","mainEntityOfPage":{"@id":"https:\/\/poetomat.ch\/Wordpress\/tischgespraech\/"},"wordCount":472,"commentCount":0,"image":{"@id":"https:\/\/poetomat.ch\/Wordpress\/tischgespraech\/#primaryimage"},"thumbnailUrl":"http:\/\/poetomat.ch\/Wordpress\/wp-content\/uploads\/2015\/05\/IMG_0478-1024x1024.jpg","articleSection":["Uncategorized"],"inLanguage":"de","potentialAction":[{"@type":"CommentAction","name":"Comment","target":["https:\/\/poetomat.ch\/Wordpress\/tischgespraech\/#respond"]}]},{"@type":"WebPage","@id":"https:\/\/poetomat.ch\/Wordpress\/tischgespraech\/","url":"https:\/\/poetomat.ch\/Wordpress\/tischgespraech\/","name":"Tischgespr\u00e4ch \u2013 \u00ab\u00dcbrigens\u00bb von Stephan Moser","isPartOf":{"@id":"https:\/\/poetomat.ch\/Wordpress\/#website"},"primaryImageOfPage":{"@id":"https:\/\/poetomat.ch\/Wordpress\/tischgespraech\/#primaryimage"},"image":{"@id":"https:\/\/poetomat.ch\/Wordpress\/tischgespraech\/#primaryimage"},"thumbnailUrl":"http:\/\/poetomat.ch\/Wordpress\/wp-content\/uploads\/2015\/05\/IMG_0478-1024x1024.jpg","datePublished":"2015-05-06T07:14:49+00:00","dateModified":"2025-02-10T18:26:12+00:00","author":{"@id":"https:\/\/poetomat.ch\/Wordpress\/#\/schema\/person\/2cc02db160cec37374508657cd9d49a8"},"description":"Iss dein Gem\u00fcse. Iss doch dein Gem\u00fcse. \u2013 Eine Kolumne \u00fcber Macht und Ohnmacht am Mittagstisch.","breadcrumb":{"@id":"https:\/\/poetomat.ch\/Wordpress\/tischgespraech\/#breadcrumb"},"inLanguage":"de","potentialAction":[{"@type":"ReadAction","target":["https:\/\/poetomat.ch\/Wordpress\/tischgespraech\/"]}]},{"@type":"ImageObject","inLanguage":"de","@id":"https:\/\/poetomat.ch\/Wordpress\/tischgespraech\/#primaryimage","url":"http:\/\/poetomat.ch\/Wordpress\/wp-content\/uploads\/2015\/05\/IMG_0478-1024x1024.jpg","contentUrl":"http:\/\/poetomat.ch\/Wordpress\/wp-content\/uploads\/2015\/05\/IMG_0478-1024x1024.jpg"},{"@type":"BreadcrumbList","@id":"https:\/\/poetomat.ch\/Wordpress\/tischgespraech\/#breadcrumb","itemListElement":[{"@type":"ListItem","position":1,"name":"Startseite","item":"https:\/\/poetomat.ch\/Wordpress\/"},{"@type":"ListItem","position":2,"name":"Tischgespr\u00e4ch"}]},{"@type":"WebSite","@id":"https:\/\/poetomat.ch\/Wordpress\/#website","url":"https:\/\/poetomat.ch\/Wordpress\/","name":"Stephan Moser \u2013 Journalist BR, Kolumnist (Freiburger Nachrichten &amp; Askforce), Autor","description":"Ich bin Journalist, Historiker und Autor. Ich schreibe Kolumnen f\u00fcr die \u00abFreiburger Nachrichten\u00bb und die \u00abAskforce\u00bb. Ich habe f\u00fcr die Musical- und Theaterb\u00fchne geschrieben und arbeite an der Vertonung des Dudens.","potentialAction":[{"@type":"SearchAction","target":{"@type":"EntryPoint","urlTemplate":"https:\/\/poetomat.ch\/Wordpress\/?s={search_term_string}"},"query-input":{"@type":"PropertyValueSpecification","valueRequired":true,"valueName":"search_term_string"}}],"inLanguage":"de"},{"@type":"Person","@id":"https:\/\/poetomat.ch\/Wordpress\/#\/schema\/person\/2cc02db160cec37374508657cd9d49a8","name":"admin","image":{"@type":"ImageObject","inLanguage":"de","@id":"https:\/\/secure.gravatar.com\/avatar\/4be47fdcfcd0474bbe6a1552cfc76bc6caaa23737fb0bdd2f33684f0f4961c8e?s=96&d=mm&r=g","url":"https:\/\/secure.gravatar.com\/avatar\/4be47fdcfcd0474bbe6a1552cfc76bc6caaa23737fb0bdd2f33684f0f4961c8e?s=96&d=mm&r=g","contentUrl":"https:\/\/secure.gravatar.com\/avatar\/4be47fdcfcd0474bbe6a1552cfc76bc6caaa23737fb0bdd2f33684f0f4961c8e?s=96&d=mm&r=g","caption":"admin"},"sameAs":["https:\/\/x.com\/poetomat"],"url":"https:\/\/poetomat.ch\/Wordpress\/author\/admin\/"}]}},"jetpack_featured_media_url":"","jetpack_sharing_enabled":true,"jetpack_shortlink":"https:\/\/wp.me\/p5IsBv-5H","_links":{"self":[{"href":"https:\/\/poetomat.ch\/Wordpress\/wp-json\/wp\/v2\/posts\/353","targetHints":{"allow":["GET"]}}],"collection":[{"href":"https:\/\/poetomat.ch\/Wordpress\/wp-json\/wp\/v2\/posts"}],"about":[{"href":"https:\/\/poetomat.ch\/Wordpress\/wp-json\/wp\/v2\/types\/post"}],"author":[{"embeddable":true,"href":"https:\/\/poetomat.ch\/Wordpress\/wp-json\/wp\/v2\/users\/2"}],"replies":[{"embeddable":true,"href":"https:\/\/poetomat.ch\/Wordpress\/wp-json\/wp\/v2\/comments?post=353"}],"version-history":[{"count":11,"href":"https:\/\/poetomat.ch\/Wordpress\/wp-json\/wp\/v2\/posts\/353\/revisions"}],"predecessor-version":[{"id":1644,"href":"https:\/\/poetomat.ch\/Wordpress\/wp-json\/wp\/v2\/posts\/353\/revisions\/1644"}],"wp:attachment":[{"href":"https:\/\/poetomat.ch\/Wordpress\/wp-json\/wp\/v2\/media?parent=353"}],"wp:term":[{"taxonomy":"category","embeddable":true,"href":"https:\/\/poetomat.ch\/Wordpress\/wp-json\/wp\/v2\/categories?post=353"},{"taxonomy":"post_tag","embeddable":true,"href":"https:\/\/poetomat.ch\/Wordpress\/wp-json\/wp\/v2\/tags?post=353"}],"curies":[{"name":"wp","href":"https:\/\/api.w.org\/{rel}","templated":true}]}}