{"id":34,"date":"2015-01-25T19:30:50","date_gmt":"2015-01-25T19:30:50","guid":{"rendered":"http:\/\/poetomat.ch\/Wordpress\/?p=34"},"modified":"2025-02-10T19:43:42","modified_gmt":"2025-02-10T18:43:42","slug":"ein-blackout-als-sternstunde","status":"publish","type":"post","link":"https:\/\/poetomat.ch\/Wordpress\/ein-blackout-als-sternstunde\/","title":{"rendered":"Ein Blackout als Sternstunde"},"content":{"rendered":"<p><strong>\u00ab\u00dcbrigens\u00bb in den Freiburger Nachrichten vom 19. August 2014<\/strong><\/p>\n<p>\u00abWei\u00dft du, wieviel\u2019 Sternlein stehen?\u00bb geh\u00f6rt bei meinen Kindern zum allabendlichen Einschlafritual dazu. Mitten in der dritten Strophe wollte meine vierj\u00e4hrige Tochter neulich wissen, wie viele Sternlein denn nun eigentlich am Himmel st\u00fcnden. Ich wusste es nicht. Und weil an ein Einschlafen nicht zu denken war, bevor diese Frage nicht gekl\u00e4rt war, gingen wir auf den Balkon, um nachzuz\u00e4hlen. Wir waren schnell fertig: Wir kamen auf 27, plus einen Planeten und drei blinkende Flugzeuge. Meine Tochter war mit diesem Resultat zufrieden. Ich nicht.<\/p>\n<p>Nachdem sie eingeschlafen war, googelte ich und fand heraus, dass man fr\u00fcher bis zu 6500 Sterne am Himmel ausmachen konnte. Mit blossem Auge. Aber solch pechschwarze N\u00e4chte und sternen\u00fcbers\u00e4te Nachthimmel gibt es im lichtverschmutzen Siedlungsbrei des Mittellandes schon l\u00e4ngst nicht mehr. Oder wann haben Sie das letzte Mal die Milchstrasse gesehen?<\/p>\n<p>Ern\u00fcchtert ging ich wieder auf den Balkon. Es war inzwischen etwas dunkler geworden, und tats\u00e4chlich funkelten nun ein paar Sterne mehr am Himmel \u00fcber Villars-sur-Gl\u00e2ne. Aber die himmlische Lichtshow blieb \u00e4usserst mager. In diesem Augenblick vergl\u00fchte eine Sternschnuppe, und ich w\u00fcnschte mir, der Freiburger Stromsparminister Beat Vonlanthen w\u00fcrde seine Off-Kampagne weitertreiben und verf\u00fcgte in einer Anwandlung christdemokratischen Absolutismus einmal pro Woche eine Stunde lang ein totales Lichterl\u00f6schen im ganzen Kanton Freiburg.<\/p>\n<p>Die Strassenlampen w\u00fcrden ausgehen, die Einkaufszentren m\u00fcssten ihren Leuchtreklamen und Schaufenstern die Stecker ziehen. F\u00fcr Privath\u00e4user g\u00e4lte die absolute Verdunkelung. Autos, Busse und Z\u00fcge blieben stehen und schalteten die Scheinwerfer aus. Groupe E w\u00fcrde die Generatoren stoppen und wehe dem, der die Dunkelheit mit seinem Handydisplay erleuchten w\u00fcrde.<\/p>\n<p>F\u00fcr eine Stunde w\u00fcrde sich Freiburg in ein schwarzes Loch im Lichtermeer zwischen Lausanne und Bern verwandeln. Die Menschen st\u00fcnden zu Tausenden auf der Strasse, auf den Balkonen oder am Fenster, schauten zum Himmel hoch und w\u00fcrden \u2013 vielleicht zum ersten Mal in ihrem Leben \u2013 die Milchstrasse sehen. Und meine Tochter und ich w\u00fcrden beim tausendundersten Stern aufh\u00f6ren zu z\u00e4hlen und einfach nur staunen \u00fcber das himmlisch sch\u00f6ne Schauspiel.<\/p>\n<p>Zugegeben: Ein solcher von oben herab befohlener Blackout w\u00e4re kein demokratischer Glanzmoment. Aber eine Sternstunde. Im wahrsten Sinne des Wortes.<\/p>\n<p><em>Foto: \u00a9 Olli Henze, Milkyway\/Harz, CC-Lizenz, Flickr, https:\/\/www.flickr.com\/photos\/gruenewiese\/14128224250<\/em><\/p>\n","protected":false},"excerpt":{"rendered":"<p>\u00ab\u00dcbrigens\u00bb in den Freiburger Nachrichten vom 19. August 2014 \u00abWei\u00dft du, wieviel\u2019 Sternlein stehen?\u00bb geh\u00f6rt bei meinen Kindern zum allabendlichen Einschlafritual dazu. Mitten in der dritten Strophe wollte meine vierj\u00e4hrige Tochter neulich wissen, wie viele Sternlein denn nun eigentlich am Himmel st\u00fcnden. Ich wusste es nicht. Und weil an ein Einschlafen nicht zu denken war, &hellip; <a href=\"https:\/\/poetomat.ch\/Wordpress\/ein-blackout-als-sternstunde\/\" class=\"more-link\"><span class=\"screen-reader-text\">Ein Blackout als Sternstunde<\/span> weiterlesen<\/a><\/p>\n","protected":false},"author":2,"featured_media":121,"comment_status":"open","ping_status":"closed","sticky":false,"template":"","format":"standard","meta":{"jetpack_post_was_ever_published":false,"_jetpack_newsletter_access":"","_jetpack_dont_email_post_to_subs":false,"_jetpack_newsletter_tier_id":0,"_jetpack_memberships_contains_paywalled_content":false,"_jetpack_memberships_contains_paid_content":false,"footnotes":""},"categories":[1],"tags":[],"class_list":["post-34","post","type-post","status-publish","format-standard","has-post-thumbnail","hentry","category-uncategorized"],"yoast_head":"<!-- This site is optimized with the Yoast SEO plugin v27.4 - https:\/\/yoast.com\/product\/yoast-seo-wordpress\/ -->\n<title>Blackout als Sternstunde<\/title>\n<meta name=\"robots\" content=\"index, follow, max-snippet:-1, max-image-preview:large, max-video-preview:-1\" \/>\n<link rel=\"canonical\" href=\"https:\/\/poetomat.ch\/Wordpress\/ein-blackout-als-sternstunde\/\" \/>\n<meta property=\"og:locale\" content=\"de_DE\" \/>\n<meta property=\"og:type\" content=\"article\" \/>\n<meta property=\"og:title\" content=\"Blackout als Sternstunde\" \/>\n<meta property=\"og:description\" content=\"\u00ab\u00dcbrigens\u00bb in den Freiburger Nachrichten vom 19. August 2014 \u00abWei\u00dft du, wieviel\u2019 Sternlein stehen?\u00bb geh\u00f6rt bei meinen Kindern zum allabendlichen Einschlafritual dazu. Mitten in der dritten Strophe wollte meine vierj\u00e4hrige Tochter neulich wissen, wie viele Sternlein denn nun eigentlich am Himmel st\u00fcnden. Ich wusste es nicht. Und weil an ein Einschlafen nicht zu denken war, &hellip; Ein Blackout als Sternstunde weiterlesen\" \/>\n<meta property=\"og:url\" content=\"https:\/\/poetomat.ch\/Wordpress\/ein-blackout-als-sternstunde\/\" \/>\n<meta property=\"og:site_name\" content=\"Stephan Moser \u2013 Journalist BR, Kolumnist (Freiburger Nachrichten &amp; Askforce), Autor\" \/>\n<meta property=\"article:published_time\" content=\"2015-01-25T19:30:50+00:00\" \/>\n<meta property=\"article:modified_time\" content=\"2025-02-10T18:43:42+00:00\" \/>\n<meta property=\"og:image\" content=\"https:\/\/poetomat.ch\/Wordpress\/wp-content\/uploads\/2015\/01\/Blackout.jpg\" \/>\n\t<meta property=\"og:image:width\" content=\"2048\" \/>\n\t<meta property=\"og:image:height\" content=\"1152\" \/>\n\t<meta property=\"og:image:type\" content=\"image\/jpeg\" \/>\n<meta name=\"author\" content=\"admin\" \/>\n<meta name=\"twitter:label1\" content=\"Verfasst von\" \/>\n\t<meta name=\"twitter:data1\" content=\"admin\" \/>\n\t<meta name=\"twitter:label2\" content=\"Gesch\u00e4tzte Lesezeit\" \/>\n\t<meta name=\"twitter:data2\" content=\"3\u00a0Minuten\" \/>\n<script type=\"application\/ld+json\" class=\"yoast-schema-graph\">{\"@context\":\"https:\\\/\\\/schema.org\",\"@graph\":[{\"@type\":\"Article\",\"@id\":\"https:\\\/\\\/poetomat.ch\\\/Wordpress\\\/ein-blackout-als-sternstunde\\\/#article\",\"isPartOf\":{\"@id\":\"https:\\\/\\\/poetomat.ch\\\/Wordpress\\\/ein-blackout-als-sternstunde\\\/\"},\"author\":{\"name\":\"admin\",\"@id\":\"https:\\\/\\\/poetomat.ch\\\/Wordpress\\\/#\\\/schema\\\/person\\\/2cc02db160cec37374508657cd9d49a8\"},\"headline\":\"Ein Blackout als Sternstunde\",\"datePublished\":\"2015-01-25T19:30:50+00:00\",\"dateModified\":\"2025-02-10T18:43:42+00:00\",\"mainEntityOfPage\":{\"@id\":\"https:\\\/\\\/poetomat.ch\\\/Wordpress\\\/ein-blackout-als-sternstunde\\\/\"},\"wordCount\":399,\"commentCount\":0,\"image\":{\"@id\":\"https:\\\/\\\/poetomat.ch\\\/Wordpress\\\/ein-blackout-als-sternstunde\\\/#primaryimage\"},\"thumbnailUrl\":\"https:\\\/\\\/poetomat.ch\\\/Wordpress\\\/wp-content\\\/uploads\\\/2015\\\/01\\\/Blackout.jpg\",\"articleSection\":[\"Uncategorized\"],\"inLanguage\":\"de\",\"potentialAction\":[{\"@type\":\"CommentAction\",\"name\":\"Comment\",\"target\":[\"https:\\\/\\\/poetomat.ch\\\/Wordpress\\\/ein-blackout-als-sternstunde\\\/#respond\"]}]},{\"@type\":\"WebPage\",\"@id\":\"https:\\\/\\\/poetomat.ch\\\/Wordpress\\\/ein-blackout-als-sternstunde\\\/\",\"url\":\"https:\\\/\\\/poetomat.ch\\\/Wordpress\\\/ein-blackout-als-sternstunde\\\/\",\"name\":\"Blackout als Sternstunde\",\"isPartOf\":{\"@id\":\"https:\\\/\\\/poetomat.ch\\\/Wordpress\\\/#website\"},\"primaryImageOfPage\":{\"@id\":\"https:\\\/\\\/poetomat.ch\\\/Wordpress\\\/ein-blackout-als-sternstunde\\\/#primaryimage\"},\"image\":{\"@id\":\"https:\\\/\\\/poetomat.ch\\\/Wordpress\\\/ein-blackout-als-sternstunde\\\/#primaryimage\"},\"thumbnailUrl\":\"https:\\\/\\\/poetomat.ch\\\/Wordpress\\\/wp-content\\\/uploads\\\/2015\\\/01\\\/Blackout.jpg\",\"datePublished\":\"2015-01-25T19:30:50+00:00\",\"dateModified\":\"2025-02-10T18:43:42+00:00\",\"author\":{\"@id\":\"https:\\\/\\\/poetomat.ch\\\/Wordpress\\\/#\\\/schema\\\/person\\\/2cc02db160cec37374508657cd9d49a8\"},\"breadcrumb\":{\"@id\":\"https:\\\/\\\/poetomat.ch\\\/Wordpress\\\/ein-blackout-als-sternstunde\\\/#breadcrumb\"},\"inLanguage\":\"de\",\"potentialAction\":[{\"@type\":\"ReadAction\",\"target\":[\"https:\\\/\\\/poetomat.ch\\\/Wordpress\\\/ein-blackout-als-sternstunde\\\/\"]}]},{\"@type\":\"ImageObject\",\"inLanguage\":\"de\",\"@id\":\"https:\\\/\\\/poetomat.ch\\\/Wordpress\\\/ein-blackout-als-sternstunde\\\/#primaryimage\",\"url\":\"https:\\\/\\\/poetomat.ch\\\/Wordpress\\\/wp-content\\\/uploads\\\/2015\\\/01\\\/Blackout.jpg\",\"contentUrl\":\"https:\\\/\\\/poetomat.ch\\\/Wordpress\\\/wp-content\\\/uploads\\\/2015\\\/01\\\/Blackout.jpg\",\"width\":2048,\"height\":1152,\"caption\":\"\u00a9 Olli Henze, Milkyway\\\/Harz, CC-Lizenz, Flickr, https:\\\/\\\/www.flickr.com\\\/photos\\\/gruenewiese\\\/14128224250\"},{\"@type\":\"BreadcrumbList\",\"@id\":\"https:\\\/\\\/poetomat.ch\\\/Wordpress\\\/ein-blackout-als-sternstunde\\\/#breadcrumb\",\"itemListElement\":[{\"@type\":\"ListItem\",\"position\":1,\"name\":\"Startseite\",\"item\":\"https:\\\/\\\/poetomat.ch\\\/Wordpress\\\/\"},{\"@type\":\"ListItem\",\"position\":2,\"name\":\"Ein Blackout als Sternstunde\"}]},{\"@type\":\"WebSite\",\"@id\":\"https:\\\/\\\/poetomat.ch\\\/Wordpress\\\/#website\",\"url\":\"https:\\\/\\\/poetomat.ch\\\/Wordpress\\\/\",\"name\":\"Stephan Moser \u2013 Journalist BR, Kolumnist (Freiburger Nachrichten &amp; Askforce), Autor\",\"description\":\"Ich bin Journalist, Historiker und Autor. Ich schreibe Kolumnen f\u00fcr die \u00abFreiburger Nachrichten\u00bb und die \u00abAskforce\u00bb. Ich habe f\u00fcr die Musical- und Theaterb\u00fchne geschrieben und arbeite an der Vertonung des Dudens.\",\"potentialAction\":[{\"@type\":\"SearchAction\",\"target\":{\"@type\":\"EntryPoint\",\"urlTemplate\":\"https:\\\/\\\/poetomat.ch\\\/Wordpress\\\/?s={search_term_string}\"},\"query-input\":{\"@type\":\"PropertyValueSpecification\",\"valueRequired\":true,\"valueName\":\"search_term_string\"}}],\"inLanguage\":\"de\"},{\"@type\":\"Person\",\"@id\":\"https:\\\/\\\/poetomat.ch\\\/Wordpress\\\/#\\\/schema\\\/person\\\/2cc02db160cec37374508657cd9d49a8\",\"name\":\"admin\",\"image\":{\"@type\":\"ImageObject\",\"inLanguage\":\"de\",\"@id\":\"https:\\\/\\\/secure.gravatar.com\\\/avatar\\\/4be47fdcfcd0474bbe6a1552cfc76bc6caaa23737fb0bdd2f33684f0f4961c8e?s=96&d=mm&r=g\",\"url\":\"https:\\\/\\\/secure.gravatar.com\\\/avatar\\\/4be47fdcfcd0474bbe6a1552cfc76bc6caaa23737fb0bdd2f33684f0f4961c8e?s=96&d=mm&r=g\",\"contentUrl\":\"https:\\\/\\\/secure.gravatar.com\\\/avatar\\\/4be47fdcfcd0474bbe6a1552cfc76bc6caaa23737fb0bdd2f33684f0f4961c8e?s=96&d=mm&r=g\",\"caption\":\"admin\"},\"sameAs\":[\"https:\\\/\\\/x.com\\\/poetomat\"],\"url\":\"https:\\\/\\\/poetomat.ch\\\/Wordpress\\\/author\\\/admin\\\/\"}]}<\/script>\n<!-- \/ Yoast SEO plugin. -->","yoast_head_json":{"title":"Blackout als Sternstunde","robots":{"index":"index","follow":"follow","max-snippet":"max-snippet:-1","max-image-preview":"max-image-preview:large","max-video-preview":"max-video-preview:-1"},"canonical":"https:\/\/poetomat.ch\/Wordpress\/ein-blackout-als-sternstunde\/","og_locale":"de_DE","og_type":"article","og_title":"Blackout als Sternstunde","og_description":"\u00ab\u00dcbrigens\u00bb in den Freiburger Nachrichten vom 19. August 2014 \u00abWei\u00dft du, wieviel\u2019 Sternlein stehen?\u00bb geh\u00f6rt bei meinen Kindern zum allabendlichen Einschlafritual dazu. Mitten in der dritten Strophe wollte meine vierj\u00e4hrige Tochter neulich wissen, wie viele Sternlein denn nun eigentlich am Himmel st\u00fcnden. Ich wusste es nicht. Und weil an ein Einschlafen nicht zu denken war, &hellip; Ein Blackout als Sternstunde weiterlesen","og_url":"https:\/\/poetomat.ch\/Wordpress\/ein-blackout-als-sternstunde\/","og_site_name":"Stephan Moser \u2013 Journalist BR, Kolumnist (Freiburger Nachrichten &amp; Askforce), Autor","article_published_time":"2015-01-25T19:30:50+00:00","article_modified_time":"2025-02-10T18:43:42+00:00","og_image":[{"width":2048,"height":1152,"url":"https:\/\/poetomat.ch\/Wordpress\/wp-content\/uploads\/2015\/01\/Blackout.jpg","type":"image\/jpeg"}],"author":"admin","twitter_misc":{"Verfasst von":"admin","Gesch\u00e4tzte Lesezeit":"3\u00a0Minuten"},"schema":{"@context":"https:\/\/schema.org","@graph":[{"@type":"Article","@id":"https:\/\/poetomat.ch\/Wordpress\/ein-blackout-als-sternstunde\/#article","isPartOf":{"@id":"https:\/\/poetomat.ch\/Wordpress\/ein-blackout-als-sternstunde\/"},"author":{"name":"admin","@id":"https:\/\/poetomat.ch\/Wordpress\/#\/schema\/person\/2cc02db160cec37374508657cd9d49a8"},"headline":"Ein Blackout als Sternstunde","datePublished":"2015-01-25T19:30:50+00:00","dateModified":"2025-02-10T18:43:42+00:00","mainEntityOfPage":{"@id":"https:\/\/poetomat.ch\/Wordpress\/ein-blackout-als-sternstunde\/"},"wordCount":399,"commentCount":0,"image":{"@id":"https:\/\/poetomat.ch\/Wordpress\/ein-blackout-als-sternstunde\/#primaryimage"},"thumbnailUrl":"https:\/\/poetomat.ch\/Wordpress\/wp-content\/uploads\/2015\/01\/Blackout.jpg","articleSection":["Uncategorized"],"inLanguage":"de","potentialAction":[{"@type":"CommentAction","name":"Comment","target":["https:\/\/poetomat.ch\/Wordpress\/ein-blackout-als-sternstunde\/#respond"]}]},{"@type":"WebPage","@id":"https:\/\/poetomat.ch\/Wordpress\/ein-blackout-als-sternstunde\/","url":"https:\/\/poetomat.ch\/Wordpress\/ein-blackout-als-sternstunde\/","name":"Blackout als Sternstunde","isPartOf":{"@id":"https:\/\/poetomat.ch\/Wordpress\/#website"},"primaryImageOfPage":{"@id":"https:\/\/poetomat.ch\/Wordpress\/ein-blackout-als-sternstunde\/#primaryimage"},"image":{"@id":"https:\/\/poetomat.ch\/Wordpress\/ein-blackout-als-sternstunde\/#primaryimage"},"thumbnailUrl":"https:\/\/poetomat.ch\/Wordpress\/wp-content\/uploads\/2015\/01\/Blackout.jpg","datePublished":"2015-01-25T19:30:50+00:00","dateModified":"2025-02-10T18:43:42+00:00","author":{"@id":"https:\/\/poetomat.ch\/Wordpress\/#\/schema\/person\/2cc02db160cec37374508657cd9d49a8"},"breadcrumb":{"@id":"https:\/\/poetomat.ch\/Wordpress\/ein-blackout-als-sternstunde\/#breadcrumb"},"inLanguage":"de","potentialAction":[{"@type":"ReadAction","target":["https:\/\/poetomat.ch\/Wordpress\/ein-blackout-als-sternstunde\/"]}]},{"@type":"ImageObject","inLanguage":"de","@id":"https:\/\/poetomat.ch\/Wordpress\/ein-blackout-als-sternstunde\/#primaryimage","url":"https:\/\/poetomat.ch\/Wordpress\/wp-content\/uploads\/2015\/01\/Blackout.jpg","contentUrl":"https:\/\/poetomat.ch\/Wordpress\/wp-content\/uploads\/2015\/01\/Blackout.jpg","width":2048,"height":1152,"caption":"\u00a9 Olli Henze, Milkyway\/Harz, CC-Lizenz, Flickr, https:\/\/www.flickr.com\/photos\/gruenewiese\/14128224250"},{"@type":"BreadcrumbList","@id":"https:\/\/poetomat.ch\/Wordpress\/ein-blackout-als-sternstunde\/#breadcrumb","itemListElement":[{"@type":"ListItem","position":1,"name":"Startseite","item":"https:\/\/poetomat.ch\/Wordpress\/"},{"@type":"ListItem","position":2,"name":"Ein Blackout als Sternstunde"}]},{"@type":"WebSite","@id":"https:\/\/poetomat.ch\/Wordpress\/#website","url":"https:\/\/poetomat.ch\/Wordpress\/","name":"Stephan Moser \u2013 Journalist BR, Kolumnist (Freiburger Nachrichten &amp; Askforce), Autor","description":"Ich bin Journalist, Historiker und Autor. Ich schreibe Kolumnen f\u00fcr die \u00abFreiburger Nachrichten\u00bb und die \u00abAskforce\u00bb. Ich habe f\u00fcr die Musical- und Theaterb\u00fchne geschrieben und arbeite an der Vertonung des Dudens.","potentialAction":[{"@type":"SearchAction","target":{"@type":"EntryPoint","urlTemplate":"https:\/\/poetomat.ch\/Wordpress\/?s={search_term_string}"},"query-input":{"@type":"PropertyValueSpecification","valueRequired":true,"valueName":"search_term_string"}}],"inLanguage":"de"},{"@type":"Person","@id":"https:\/\/poetomat.ch\/Wordpress\/#\/schema\/person\/2cc02db160cec37374508657cd9d49a8","name":"admin","image":{"@type":"ImageObject","inLanguage":"de","@id":"https:\/\/secure.gravatar.com\/avatar\/4be47fdcfcd0474bbe6a1552cfc76bc6caaa23737fb0bdd2f33684f0f4961c8e?s=96&d=mm&r=g","url":"https:\/\/secure.gravatar.com\/avatar\/4be47fdcfcd0474bbe6a1552cfc76bc6caaa23737fb0bdd2f33684f0f4961c8e?s=96&d=mm&r=g","contentUrl":"https:\/\/secure.gravatar.com\/avatar\/4be47fdcfcd0474bbe6a1552cfc76bc6caaa23737fb0bdd2f33684f0f4961c8e?s=96&d=mm&r=g","caption":"admin"},"sameAs":["https:\/\/x.com\/poetomat"],"url":"https:\/\/poetomat.ch\/Wordpress\/author\/admin\/"}]}},"jetpack_featured_media_url":"https:\/\/poetomat.ch\/Wordpress\/wp-content\/uploads\/2015\/01\/Blackout.jpg","jetpack_sharing_enabled":true,"jetpack_shortlink":"https:\/\/wp.me\/p5IsBv-y","_links":{"self":[{"href":"https:\/\/poetomat.ch\/Wordpress\/wp-json\/wp\/v2\/posts\/34","targetHints":{"allow":["GET"]}}],"collection":[{"href":"https:\/\/poetomat.ch\/Wordpress\/wp-json\/wp\/v2\/posts"}],"about":[{"href":"https:\/\/poetomat.ch\/Wordpress\/wp-json\/wp\/v2\/types\/post"}],"author":[{"embeddable":true,"href":"https:\/\/poetomat.ch\/Wordpress\/wp-json\/wp\/v2\/users\/2"}],"replies":[{"embeddable":true,"href":"https:\/\/poetomat.ch\/Wordpress\/wp-json\/wp\/v2\/comments?post=34"}],"version-history":[{"count":9,"href":"https:\/\/poetomat.ch\/Wordpress\/wp-json\/wp\/v2\/posts\/34\/revisions"}],"predecessor-version":[{"id":1663,"href":"https:\/\/poetomat.ch\/Wordpress\/wp-json\/wp\/v2\/posts\/34\/revisions\/1663"}],"wp:featuredmedia":[{"embeddable":true,"href":"https:\/\/poetomat.ch\/Wordpress\/wp-json\/wp\/v2\/media\/121"}],"wp:attachment":[{"href":"https:\/\/poetomat.ch\/Wordpress\/wp-json\/wp\/v2\/media?parent=34"}],"wp:term":[{"taxonomy":"category","embeddable":true,"href":"https:\/\/poetomat.ch\/Wordpress\/wp-json\/wp\/v2\/categories?post=34"},{"taxonomy":"post_tag","embeddable":true,"href":"https:\/\/poetomat.ch\/Wordpress\/wp-json\/wp\/v2\/tags?post=34"}],"curies":[{"name":"wp","href":"https:\/\/api.w.org\/{rel}","templated":true}]}}