{"id":336,"date":"2015-04-16T15:55:49","date_gmt":"2015-04-16T14:55:49","guid":{"rendered":"http:\/\/poetomat.ch\/Wordpress\/?p=336"},"modified":"2025-02-10T19:27:25","modified_gmt":"2025-02-10T18:27:25","slug":"stark-bleiben-in-der-migros","status":"publish","type":"post","link":"https:\/\/poetomat.ch\/Wordpress\/stark-bleiben-in-der-migros\/","title":{"rendered":"Stark bleiben in der Migros"},"content":{"rendered":"<p><strong>\u00ab\u00dcbrigens\u00bb in den Freiburger Nachrichten vom 9. April 2015<br \/>\n<\/strong><br \/>\nUm ein Kind zu erziehen, braucht es ein ganzes Dorf, sagt ein afrikanisches Sprichwort. Und die Migros. Denn nirgendwo sonst k\u00f6nnen die Kinder ihre Willenskraft st\u00e4rker st\u00e4hlen und sich im gl\u00fccksbringenden Verzicht besser \u00fcben als vor den vollen Supermarktregalen. Das rede ich mir jedenfalls ein, um die Einkaufstortur ertr\u00e4glicher zu machen.<\/p>\n<p>Denn meine Kinder wollen beim Einkaufen immer alles haben: Die Himbeeren \u2013 \u00abdie ha ni soooo g\u00e4rn\u00bb. Die kleinen K\u00e4sekugeln\u2013weil da lustige K\u00fche drauf sind. Den bunten Ball \u2013 \u00abmir h\u00e4nd jo erscht zw\u00f6i grossi\u00bb. Und ich sage standhaft Nein. Weil die Beeren mehr Flugmeilen auf dem Konto haben als ich. Weil der K\u00e4se nach nichts schmeckt und weil B\u00e4lle nicht auf der Einkaufsliste stehen.<\/p>\n<p>Darum verschliesse ich meine Ohren vor den Sirenenges\u00e4ngen meiner Kinder, die mich von den Vorz\u00fcgen eines Jumbopacks Gummib\u00e4rli \u00fcberzeugen wollen (\u00abWeisch, denn l\u00e4ngts au no f\u00fcrs Mami.\u00bb). Und wenn das Bittib\u00e4tti in Heulen und Wehklagen \u00fcbergeht, halte ich den Zweien einen Vortrag \u00fcber das ber\u00fchmte Marshmallow-Experiment aus den 60ern: Der Neuropsychologe Walter Mischel setzte Vorschulkindern einen Marshmallow vor die Nase und sagte ihnen, dass sie eine zweite S\u00fcssigkeit bek\u00e4men, wenn sie das Zuckerzeug 20 Minuten lang nicht essen w\u00fcrden. Wissen Sie, was er herausgefunden hat? Kinder, denen es gelang durchzuhalten, waren Jahrzehnte sp\u00e4ter beruflich und privat erfolgreich und zufriedener. \u00abVerzichten macht gl\u00fccklich! Willenskraft zahlt sich aus!\u00bb, belehre ich die quengelnden Kids.<\/p>\n<p>Abgek\u00e4mpft, aber moralisch gereift erreichen wir schliesslich die Kasse, wo es ein letztes Mal gilt, die Ich-will-das-haben-Blicke der Kinder Richtung S\u00fcssigkeitenregal zu ignorieren. Vor Ostern war der Charaktertest besonders fies. Denn wenn man schon glaubte, alles \u00fcberstanden zu haben, fragten die Kassiererinnen: \u00abN\u00e4med Sie d\u2019Chl\u00e4berli?\u00bb<\/p>\n<p>Sie wissen schon, diese glitzernden Hasensticker. Wenn man eine ganze Sammelkarte voll hatte, konnte der Nachwuchs einer dieser seltsam geformten und seltsam gef\u00e4rbten Pl\u00fcschhasen aus China mit nach Hause nehmen.<\/p>\n<p>Und wissen Sie was? Ich nahm die Kleber \u2013 jedes Mal. Bis wir zwei Karten voll hatten. Und die Kleinen je einen Hasen. In Rosa und Gr\u00fcn. Und wenn Sie jetzt denken, das sei schampar inkonsequent von mir, dann lassen Sie mich Ihnen sagen: Nur der Sture ist immer konsequent. Der Kl\u00fcgere gibt zwischendurch nach. Auch das eine Lektion f\u00fcrs Leben, die sich in der Migros lernen l\u00e4sst. Und im Gegensatz zum Marshmallow verursachen die Pl\u00fcschviecher bei den Kleinen wenigstens keine Karies.<\/p>\n<p><em>* Dieser Text entstand ohne freundliche Unterst\u00fctzung der Migros.<\/em><\/p>\n","protected":false},"excerpt":{"rendered":"<p>\u00ab\u00dcbrigens\u00bb in den Freiburger Nachrichten vom 9. April 2015 Um ein Kind zu erziehen, braucht es ein ganzes Dorf, sagt ein afrikanisches Sprichwort. Und die Migros. Denn nirgendwo sonst k\u00f6nnen die Kinder ihre Willenskraft st\u00e4rker st\u00e4hlen und sich im gl\u00fccksbringenden Verzicht besser \u00fcben als vor den vollen Supermarktregalen. Das rede ich mir jedenfalls ein, um &hellip; <a href=\"https:\/\/poetomat.ch\/Wordpress\/stark-bleiben-in-der-migros\/\" class=\"more-link\"><span class=\"screen-reader-text\">Stark bleiben in der Migros<\/span> weiterlesen<\/a><\/p>\n","protected":false},"author":2,"featured_media":341,"comment_status":"open","ping_status":"closed","sticky":false,"template":"","format":"standard","meta":{"jetpack_post_was_ever_published":false,"_jetpack_newsletter_access":"","_jetpack_dont_email_post_to_subs":false,"_jetpack_newsletter_tier_id":0,"_jetpack_memberships_contains_paywalled_content":false,"_jetpack_memberships_contains_paid_content":false,"footnotes":""},"categories":[1],"tags":[],"class_list":["post-336","post","type-post","status-publish","format-standard","has-post-thumbnail","hentry","category-uncategorized"],"yoast_head":"<!-- This site is optimized with the Yoast SEO plugin v27.4 - https:\/\/yoast.com\/product\/yoast-seo-wordpress\/ -->\n<title>Stark bleiben in der Migros \u2013 \u00ab\u00dcbrigens\u00bb von Stephan Moser<\/title>\n<meta name=\"description\" content=\"Um ein Kind zu erziehen, braucht es ein ganzes Dorf, sagt ein Sprichwort. Und die Migros. Denn dort k\u00f6nnen die Kinder ihre Willenskraft st\u00e4hlen.\" \/>\n<meta name=\"robots\" content=\"index, follow, max-snippet:-1, max-image-preview:large, max-video-preview:-1\" \/>\n<link rel=\"canonical\" href=\"https:\/\/poetomat.ch\/Wordpress\/stark-bleiben-in-der-migros\/\" \/>\n<meta property=\"og:locale\" content=\"de_DE\" \/>\n<meta property=\"og:type\" content=\"article\" \/>\n<meta property=\"og:title\" content=\"Stark bleiben in der Migros \u2013 \u00ab\u00dcbrigens\u00bb von Stephan Moser\" \/>\n<meta property=\"og:description\" content=\"Um ein Kind zu erziehen, braucht es ein ganzes Dorf, sagt ein Sprichwort. Und die Migros. Denn dort k\u00f6nnen die Kinder ihre Willenskraft st\u00e4hlen.\" \/>\n<meta property=\"og:url\" content=\"https:\/\/poetomat.ch\/Wordpress\/stark-bleiben-in-der-migros\/\" \/>\n<meta property=\"og:site_name\" content=\"Stephan Moser \u2013 Journalist BR, Kolumnist (Freiburger Nachrichten &amp; Askforce), Autor\" \/>\n<meta property=\"article:published_time\" content=\"2015-04-16T14:55:49+00:00\" \/>\n<meta property=\"article:modified_time\" content=\"2025-02-10T18:27:25+00:00\" \/>\n<meta property=\"og:image\" content=\"https:\/\/poetomat.ch\/Wordpress\/wp-content\/uploads\/2015\/04\/commercialweb.jpg\" \/>\n\t<meta property=\"og:image:width\" content=\"1575\" \/>\n\t<meta property=\"og:image:height\" content=\"1142\" \/>\n\t<meta property=\"og:image:type\" content=\"image\/jpeg\" \/>\n<meta name=\"author\" content=\"admin\" \/>\n<meta name=\"twitter:label1\" content=\"Verfasst von\" \/>\n\t<meta name=\"twitter:data1\" content=\"admin\" \/>\n\t<meta name=\"twitter:label2\" content=\"Gesch\u00e4tzte Lesezeit\" \/>\n\t<meta name=\"twitter:data2\" content=\"3\u00a0Minuten\" \/>\n<script type=\"application\/ld+json\" class=\"yoast-schema-graph\">{\"@context\":\"https:\\\/\\\/schema.org\",\"@graph\":[{\"@type\":\"Article\",\"@id\":\"https:\\\/\\\/poetomat.ch\\\/Wordpress\\\/stark-bleiben-in-der-migros\\\/#article\",\"isPartOf\":{\"@id\":\"https:\\\/\\\/poetomat.ch\\\/Wordpress\\\/stark-bleiben-in-der-migros\\\/\"},\"author\":{\"name\":\"admin\",\"@id\":\"https:\\\/\\\/poetomat.ch\\\/Wordpress\\\/#\\\/schema\\\/person\\\/2cc02db160cec37374508657cd9d49a8\"},\"headline\":\"Stark bleiben in der Migros\",\"datePublished\":\"2015-04-16T14:55:49+00:00\",\"dateModified\":\"2025-02-10T18:27:25+00:00\",\"mainEntityOfPage\":{\"@id\":\"https:\\\/\\\/poetomat.ch\\\/Wordpress\\\/stark-bleiben-in-der-migros\\\/\"},\"wordCount\":438,\"commentCount\":0,\"image\":{\"@id\":\"https:\\\/\\\/poetomat.ch\\\/Wordpress\\\/stark-bleiben-in-der-migros\\\/#primaryimage\"},\"thumbnailUrl\":\"https:\\\/\\\/poetomat.ch\\\/Wordpress\\\/wp-content\\\/uploads\\\/2015\\\/04\\\/commercialweb.jpg\",\"articleSection\":[\"Uncategorized\"],\"inLanguage\":\"de\",\"potentialAction\":[{\"@type\":\"CommentAction\",\"name\":\"Comment\",\"target\":[\"https:\\\/\\\/poetomat.ch\\\/Wordpress\\\/stark-bleiben-in-der-migros\\\/#respond\"]}]},{\"@type\":\"WebPage\",\"@id\":\"https:\\\/\\\/poetomat.ch\\\/Wordpress\\\/stark-bleiben-in-der-migros\\\/\",\"url\":\"https:\\\/\\\/poetomat.ch\\\/Wordpress\\\/stark-bleiben-in-der-migros\\\/\",\"name\":\"Stark bleiben in der Migros \u2013 \u00ab\u00dcbrigens\u00bb von Stephan Moser\",\"isPartOf\":{\"@id\":\"https:\\\/\\\/poetomat.ch\\\/Wordpress\\\/#website\"},\"primaryImageOfPage\":{\"@id\":\"https:\\\/\\\/poetomat.ch\\\/Wordpress\\\/stark-bleiben-in-der-migros\\\/#primaryimage\"},\"image\":{\"@id\":\"https:\\\/\\\/poetomat.ch\\\/Wordpress\\\/stark-bleiben-in-der-migros\\\/#primaryimage\"},\"thumbnailUrl\":\"https:\\\/\\\/poetomat.ch\\\/Wordpress\\\/wp-content\\\/uploads\\\/2015\\\/04\\\/commercialweb.jpg\",\"datePublished\":\"2015-04-16T14:55:49+00:00\",\"dateModified\":\"2025-02-10T18:27:25+00:00\",\"author\":{\"@id\":\"https:\\\/\\\/poetomat.ch\\\/Wordpress\\\/#\\\/schema\\\/person\\\/2cc02db160cec37374508657cd9d49a8\"},\"description\":\"Um ein Kind zu erziehen, braucht es ein ganzes Dorf, sagt ein Sprichwort. Und die Migros. Denn dort k\u00f6nnen die Kinder ihre Willenskraft st\u00e4hlen.\",\"breadcrumb\":{\"@id\":\"https:\\\/\\\/poetomat.ch\\\/Wordpress\\\/stark-bleiben-in-der-migros\\\/#breadcrumb\"},\"inLanguage\":\"de\",\"potentialAction\":[{\"@type\":\"ReadAction\",\"target\":[\"https:\\\/\\\/poetomat.ch\\\/Wordpress\\\/stark-bleiben-in-der-migros\\\/\"]}]},{\"@type\":\"ImageObject\",\"inLanguage\":\"de\",\"@id\":\"https:\\\/\\\/poetomat.ch\\\/Wordpress\\\/stark-bleiben-in-der-migros\\\/#primaryimage\",\"url\":\"https:\\\/\\\/poetomat.ch\\\/Wordpress\\\/wp-content\\\/uploads\\\/2015\\\/04\\\/commercialweb.jpg\",\"contentUrl\":\"https:\\\/\\\/poetomat.ch\\\/Wordpress\\\/wp-content\\\/uploads\\\/2015\\\/04\\\/commercialweb.jpg\",\"width\":1575,\"height\":1142},{\"@type\":\"BreadcrumbList\",\"@id\":\"https:\\\/\\\/poetomat.ch\\\/Wordpress\\\/stark-bleiben-in-der-migros\\\/#breadcrumb\",\"itemListElement\":[{\"@type\":\"ListItem\",\"position\":1,\"name\":\"Startseite\",\"item\":\"https:\\\/\\\/poetomat.ch\\\/Wordpress\\\/\"},{\"@type\":\"ListItem\",\"position\":2,\"name\":\"Stark bleiben in der Migros\"}]},{\"@type\":\"WebSite\",\"@id\":\"https:\\\/\\\/poetomat.ch\\\/Wordpress\\\/#website\",\"url\":\"https:\\\/\\\/poetomat.ch\\\/Wordpress\\\/\",\"name\":\"Stephan Moser \u2013 Journalist BR, Kolumnist (Freiburger Nachrichten &amp; Askforce), Autor\",\"description\":\"Ich bin Journalist, Historiker und Autor. Ich schreibe Kolumnen f\u00fcr die \u00abFreiburger Nachrichten\u00bb und die \u00abAskforce\u00bb. Ich habe f\u00fcr die Musical- und Theaterb\u00fchne geschrieben und arbeite an der Vertonung des Dudens.\",\"potentialAction\":[{\"@type\":\"SearchAction\",\"target\":{\"@type\":\"EntryPoint\",\"urlTemplate\":\"https:\\\/\\\/poetomat.ch\\\/Wordpress\\\/?s={search_term_string}\"},\"query-input\":{\"@type\":\"PropertyValueSpecification\",\"valueRequired\":true,\"valueName\":\"search_term_string\"}}],\"inLanguage\":\"de\"},{\"@type\":\"Person\",\"@id\":\"https:\\\/\\\/poetomat.ch\\\/Wordpress\\\/#\\\/schema\\\/person\\\/2cc02db160cec37374508657cd9d49a8\",\"name\":\"admin\",\"image\":{\"@type\":\"ImageObject\",\"inLanguage\":\"de\",\"@id\":\"https:\\\/\\\/secure.gravatar.com\\\/avatar\\\/4be47fdcfcd0474bbe6a1552cfc76bc6caaa23737fb0bdd2f33684f0f4961c8e?s=96&d=mm&r=g\",\"url\":\"https:\\\/\\\/secure.gravatar.com\\\/avatar\\\/4be47fdcfcd0474bbe6a1552cfc76bc6caaa23737fb0bdd2f33684f0f4961c8e?s=96&d=mm&r=g\",\"contentUrl\":\"https:\\\/\\\/secure.gravatar.com\\\/avatar\\\/4be47fdcfcd0474bbe6a1552cfc76bc6caaa23737fb0bdd2f33684f0f4961c8e?s=96&d=mm&r=g\",\"caption\":\"admin\"},\"sameAs\":[\"https:\\\/\\\/x.com\\\/poetomat\"],\"url\":\"https:\\\/\\\/poetomat.ch\\\/Wordpress\\\/author\\\/admin\\\/\"}]}<\/script>\n<!-- \/ Yoast SEO plugin. -->","yoast_head_json":{"title":"Stark bleiben in der Migros \u2013 \u00ab\u00dcbrigens\u00bb von Stephan Moser","description":"Um ein Kind zu erziehen, braucht es ein ganzes Dorf, sagt ein Sprichwort. Und die Migros. Denn dort k\u00f6nnen die Kinder ihre Willenskraft st\u00e4hlen.","robots":{"index":"index","follow":"follow","max-snippet":"max-snippet:-1","max-image-preview":"max-image-preview:large","max-video-preview":"max-video-preview:-1"},"canonical":"https:\/\/poetomat.ch\/Wordpress\/stark-bleiben-in-der-migros\/","og_locale":"de_DE","og_type":"article","og_title":"Stark bleiben in der Migros \u2013 \u00ab\u00dcbrigens\u00bb von Stephan Moser","og_description":"Um ein Kind zu erziehen, braucht es ein ganzes Dorf, sagt ein Sprichwort. Und die Migros. Denn dort k\u00f6nnen die Kinder ihre Willenskraft st\u00e4hlen.","og_url":"https:\/\/poetomat.ch\/Wordpress\/stark-bleiben-in-der-migros\/","og_site_name":"Stephan Moser \u2013 Journalist BR, Kolumnist (Freiburger Nachrichten &amp; Askforce), Autor","article_published_time":"2015-04-16T14:55:49+00:00","article_modified_time":"2025-02-10T18:27:25+00:00","og_image":[{"width":1575,"height":1142,"url":"https:\/\/poetomat.ch\/Wordpress\/wp-content\/uploads\/2015\/04\/commercialweb.jpg","type":"image\/jpeg"}],"author":"admin","twitter_misc":{"Verfasst von":"admin","Gesch\u00e4tzte Lesezeit":"3\u00a0Minuten"},"schema":{"@context":"https:\/\/schema.org","@graph":[{"@type":"Article","@id":"https:\/\/poetomat.ch\/Wordpress\/stark-bleiben-in-der-migros\/#article","isPartOf":{"@id":"https:\/\/poetomat.ch\/Wordpress\/stark-bleiben-in-der-migros\/"},"author":{"name":"admin","@id":"https:\/\/poetomat.ch\/Wordpress\/#\/schema\/person\/2cc02db160cec37374508657cd9d49a8"},"headline":"Stark bleiben in der Migros","datePublished":"2015-04-16T14:55:49+00:00","dateModified":"2025-02-10T18:27:25+00:00","mainEntityOfPage":{"@id":"https:\/\/poetomat.ch\/Wordpress\/stark-bleiben-in-der-migros\/"},"wordCount":438,"commentCount":0,"image":{"@id":"https:\/\/poetomat.ch\/Wordpress\/stark-bleiben-in-der-migros\/#primaryimage"},"thumbnailUrl":"https:\/\/poetomat.ch\/Wordpress\/wp-content\/uploads\/2015\/04\/commercialweb.jpg","articleSection":["Uncategorized"],"inLanguage":"de","potentialAction":[{"@type":"CommentAction","name":"Comment","target":["https:\/\/poetomat.ch\/Wordpress\/stark-bleiben-in-der-migros\/#respond"]}]},{"@type":"WebPage","@id":"https:\/\/poetomat.ch\/Wordpress\/stark-bleiben-in-der-migros\/","url":"https:\/\/poetomat.ch\/Wordpress\/stark-bleiben-in-der-migros\/","name":"Stark bleiben in der Migros \u2013 \u00ab\u00dcbrigens\u00bb von Stephan Moser","isPartOf":{"@id":"https:\/\/poetomat.ch\/Wordpress\/#website"},"primaryImageOfPage":{"@id":"https:\/\/poetomat.ch\/Wordpress\/stark-bleiben-in-der-migros\/#primaryimage"},"image":{"@id":"https:\/\/poetomat.ch\/Wordpress\/stark-bleiben-in-der-migros\/#primaryimage"},"thumbnailUrl":"https:\/\/poetomat.ch\/Wordpress\/wp-content\/uploads\/2015\/04\/commercialweb.jpg","datePublished":"2015-04-16T14:55:49+00:00","dateModified":"2025-02-10T18:27:25+00:00","author":{"@id":"https:\/\/poetomat.ch\/Wordpress\/#\/schema\/person\/2cc02db160cec37374508657cd9d49a8"},"description":"Um ein Kind zu erziehen, braucht es ein ganzes Dorf, sagt ein Sprichwort. Und die Migros. Denn dort k\u00f6nnen die Kinder ihre Willenskraft st\u00e4hlen.","breadcrumb":{"@id":"https:\/\/poetomat.ch\/Wordpress\/stark-bleiben-in-der-migros\/#breadcrumb"},"inLanguage":"de","potentialAction":[{"@type":"ReadAction","target":["https:\/\/poetomat.ch\/Wordpress\/stark-bleiben-in-der-migros\/"]}]},{"@type":"ImageObject","inLanguage":"de","@id":"https:\/\/poetomat.ch\/Wordpress\/stark-bleiben-in-der-migros\/#primaryimage","url":"https:\/\/poetomat.ch\/Wordpress\/wp-content\/uploads\/2015\/04\/commercialweb.jpg","contentUrl":"https:\/\/poetomat.ch\/Wordpress\/wp-content\/uploads\/2015\/04\/commercialweb.jpg","width":1575,"height":1142},{"@type":"BreadcrumbList","@id":"https:\/\/poetomat.ch\/Wordpress\/stark-bleiben-in-der-migros\/#breadcrumb","itemListElement":[{"@type":"ListItem","position":1,"name":"Startseite","item":"https:\/\/poetomat.ch\/Wordpress\/"},{"@type":"ListItem","position":2,"name":"Stark bleiben in der Migros"}]},{"@type":"WebSite","@id":"https:\/\/poetomat.ch\/Wordpress\/#website","url":"https:\/\/poetomat.ch\/Wordpress\/","name":"Stephan Moser \u2013 Journalist BR, Kolumnist (Freiburger Nachrichten &amp; Askforce), Autor","description":"Ich bin Journalist, Historiker und Autor. Ich schreibe Kolumnen f\u00fcr die \u00abFreiburger Nachrichten\u00bb und die \u00abAskforce\u00bb. Ich habe f\u00fcr die Musical- und Theaterb\u00fchne geschrieben und arbeite an der Vertonung des Dudens.","potentialAction":[{"@type":"SearchAction","target":{"@type":"EntryPoint","urlTemplate":"https:\/\/poetomat.ch\/Wordpress\/?s={search_term_string}"},"query-input":{"@type":"PropertyValueSpecification","valueRequired":true,"valueName":"search_term_string"}}],"inLanguage":"de"},{"@type":"Person","@id":"https:\/\/poetomat.ch\/Wordpress\/#\/schema\/person\/2cc02db160cec37374508657cd9d49a8","name":"admin","image":{"@type":"ImageObject","inLanguage":"de","@id":"https:\/\/secure.gravatar.com\/avatar\/4be47fdcfcd0474bbe6a1552cfc76bc6caaa23737fb0bdd2f33684f0f4961c8e?s=96&d=mm&r=g","url":"https:\/\/secure.gravatar.com\/avatar\/4be47fdcfcd0474bbe6a1552cfc76bc6caaa23737fb0bdd2f33684f0f4961c8e?s=96&d=mm&r=g","contentUrl":"https:\/\/secure.gravatar.com\/avatar\/4be47fdcfcd0474bbe6a1552cfc76bc6caaa23737fb0bdd2f33684f0f4961c8e?s=96&d=mm&r=g","caption":"admin"},"sameAs":["https:\/\/x.com\/poetomat"],"url":"https:\/\/poetomat.ch\/Wordpress\/author\/admin\/"}]}},"jetpack_featured_media_url":"https:\/\/poetomat.ch\/Wordpress\/wp-content\/uploads\/2015\/04\/commercialweb.jpg","jetpack_sharing_enabled":true,"jetpack_shortlink":"https:\/\/wp.me\/p5IsBv-5q","_links":{"self":[{"href":"https:\/\/poetomat.ch\/Wordpress\/wp-json\/wp\/v2\/posts\/336","targetHints":{"allow":["GET"]}}],"collection":[{"href":"https:\/\/poetomat.ch\/Wordpress\/wp-json\/wp\/v2\/posts"}],"about":[{"href":"https:\/\/poetomat.ch\/Wordpress\/wp-json\/wp\/v2\/types\/post"}],"author":[{"embeddable":true,"href":"https:\/\/poetomat.ch\/Wordpress\/wp-json\/wp\/v2\/users\/2"}],"replies":[{"embeddable":true,"href":"https:\/\/poetomat.ch\/Wordpress\/wp-json\/wp\/v2\/comments?post=336"}],"version-history":[{"count":4,"href":"https:\/\/poetomat.ch\/Wordpress\/wp-json\/wp\/v2\/posts\/336\/revisions"}],"predecessor-version":[{"id":1645,"href":"https:\/\/poetomat.ch\/Wordpress\/wp-json\/wp\/v2\/posts\/336\/revisions\/1645"}],"wp:featuredmedia":[{"embeddable":true,"href":"https:\/\/poetomat.ch\/Wordpress\/wp-json\/wp\/v2\/media\/341"}],"wp:attachment":[{"href":"https:\/\/poetomat.ch\/Wordpress\/wp-json\/wp\/v2\/media?parent=336"}],"wp:term":[{"taxonomy":"category","embeddable":true,"href":"https:\/\/poetomat.ch\/Wordpress\/wp-json\/wp\/v2\/categories?post=336"},{"taxonomy":"post_tag","embeddable":true,"href":"https:\/\/poetomat.ch\/Wordpress\/wp-json\/wp\/v2\/tags?post=336"}],"curies":[{"name":"wp","href":"https:\/\/api.w.org\/{rel}","templated":true}]}}