{"id":333,"date":"2015-04-07T14:07:02","date_gmt":"2015-04-07T13:07:02","guid":{"rendered":"http:\/\/poetomat.ch\/Wordpress\/?p=333"},"modified":"2025-02-10T19:28:02","modified_gmt":"2025-02-10T18:28:02","slug":"islamisierung-am-fruehstueckstisch","status":"publish","type":"post","link":"https:\/\/poetomat.ch\/Wordpress\/islamisierung-am-fruehstueckstisch\/","title":{"rendered":"Islamisierung am Fr\u00fchst\u00fcckstisch"},"content":{"rendered":"<p><strong>\u00ab\u00dcbrigens\u00bb in den Freiburger Nachrichten vom 31. M\u00e4rz 2015<\/strong><\/p>\n<p>Jetzt ist es so weit, dachte ich, als ich schlaftrunken das Radio anstellte und arabische Kl\u00e4nge aus dem Lautsprecher t\u00f6nten: Die Islamisten haben den Staatssender \u00fcbernommen. Es war dann zwar doch nur Mani Matters \u00abSidi Abdel Assar vo El Hama\u00bb. Und Sven Epiney war auch noch am Mikrofon. Aber es war, als seien mir die Schuppen von den ungl\u00e4ubigen Augen gefallen: \u00dcberall sah ich an diesem Morgen die Zeichen der Islamisierung unserer Gesellschaft.<\/p>\n<p>Der Kaffee, der verlockend in meiner Tasse dampfte \u2013 ein \u00abT\u00fcrkentrank\u00bb, und ein \u00abMuselmann, der ihn nicht lassen kann\u00bb, so hatten wir es doch vielstimmig im Singunterricht in der Primarschule gelernt. Ich f\u00fchrte mein Gipfeli zum Mund und stutzte: Sah es wirklich nur zuf\u00e4llig aus wie der islamische Halbmond? Oder war es ein terroristischer Schl\u00e4fer im Backwarenregal: Tausend Bisse gehen runter wie Butter, aber der 1001. bleibt einem im Halse stecken?<\/p>\n<p>Um mich abzulenken, schlug ich die Zeitung auf und landete auf der B\u00f6rsenseite. Aber was sah ich dort? Endlose Kolonnen von arabischen Ziffern starrten mich an. Schnell bl\u00e4tterte ich eine Seite weiter. Dort rechnete ein Politiker vor, dass die Muslime in 20 Jahren hierzulande in der Mehrheit sein w\u00fcrden. Die Mathematik, derer er sich bediente \u2013 Sie ahnen es: Algebra, Algorithmen, die Null; alles von Gelehrten erfunden, die an Allah glaubten. Nur der Rechenfehler in der obigen Gleichung, der ist auf einheimischen Mist gewachsen.<\/p>\n<p>Auch vor unserer Sprache hat die Islamisierung keinen Halt gemacht: Arsenal, Chemie, Havarie, Kadi, Matratze, Rabatt, Sofa, Tarif, Zucker \u2013 alles W\u00f6rter, die aus dem Arabischen eingewandert und so gut assimiliert sind, dass wir sie gar nicht mehr als fremd wahrnehmen. Alkohol \u00fcbrigens auch. Schon paradox, oder: Die d\u00fcrfen keinen trinken, und wir h\u00e4tten ohne sie keinen Namen f\u00fcr das, was uns besoffen macht.<\/p>\n<p>Unser Essen, unser Denken, unsere Sprache \u2013 alles islamisiert, schon seit Jahrhunderten. Na, dann gute Nacht, Abendland, dachte ich mir. Aber andererseits: Von Amerika aus betrachtet ist Europa ja sowieso seit jeher Morgenland.<\/p>\n<p>Es ist eben alles eine Frage der Perspektive.<\/p>\n","protected":false},"excerpt":{"rendered":"<p>\u00ab\u00dcbrigens\u00bb in den Freiburger Nachrichten vom 31. M\u00e4rz 2015 Jetzt ist es so weit, dachte ich, als ich schlaftrunken das Radio anstellte und arabische Kl\u00e4nge aus dem Lautsprecher t\u00f6nten: Die Islamisten haben den Staatssender \u00fcbernommen. Es war dann zwar doch nur Mani Matters \u00abSidi Abdel Assar vo El Hama\u00bb. Und Sven Epiney war auch noch &hellip; <a href=\"https:\/\/poetomat.ch\/Wordpress\/islamisierung-am-fruehstueckstisch\/\" class=\"more-link\"><span class=\"screen-reader-text\">Islamisierung am Fr\u00fchst\u00fcckstisch<\/span> weiterlesen<\/a><\/p>\n","protected":false},"author":2,"featured_media":335,"comment_status":"open","ping_status":"closed","sticky":false,"template":"","format":"standard","meta":{"jetpack_post_was_ever_published":false,"_jetpack_newsletter_access":"","_jetpack_dont_email_post_to_subs":false,"_jetpack_newsletter_tier_id":0,"_jetpack_memberships_contains_paywalled_content":false,"_jetpack_memberships_contains_paid_content":false,"footnotes":""},"categories":[1],"tags":[],"class_list":["post-333","post","type-post","status-publish","format-standard","has-post-thumbnail","hentry","category-uncategorized"],"yoast_head":"<!-- This site is optimized with the Yoast SEO plugin v27.4 - https:\/\/yoast.com\/product\/yoast-seo-wordpress\/ -->\n<title>Islamisierung am Fr\u00fchst\u00fcckstisch \u2013 \u00ab\u00dcbrigens\u00bb, Stephan Moser<\/title>\n<meta name=\"description\" content=\"Unser Essen, unser Denken, unsere Sprache \u2013 alles islamisiert, schon seit Jahrhunderten. Na, dann gute Nacht, Abendland.\" \/>\n<meta name=\"robots\" content=\"index, follow, max-snippet:-1, max-image-preview:large, max-video-preview:-1\" \/>\n<link rel=\"canonical\" href=\"https:\/\/poetomat.ch\/Wordpress\/islamisierung-am-fruehstueckstisch\/\" \/>\n<meta property=\"og:locale\" content=\"de_DE\" \/>\n<meta property=\"og:type\" content=\"article\" \/>\n<meta property=\"og:title\" content=\"Islamisierung am Fr\u00fchst\u00fcckstisch \u2013 \u00ab\u00dcbrigens\u00bb, Stephan Moser\" \/>\n<meta property=\"og:description\" content=\"Unser Essen, unser Denken, unsere Sprache \u2013 alles islamisiert, schon seit Jahrhunderten. Na, dann gute Nacht, Abendland.\" \/>\n<meta property=\"og:url\" content=\"https:\/\/poetomat.ch\/Wordpress\/islamisierung-am-fruehstueckstisch\/\" \/>\n<meta property=\"og:site_name\" content=\"Stephan Moser \u2013 Journalist BR, Kolumnist (Freiburger Nachrichten &amp; Askforce), Autor\" \/>\n<meta property=\"article:published_time\" content=\"2015-04-07T13:07:02+00:00\" \/>\n<meta property=\"article:modified_time\" content=\"2025-02-10T18:28:02+00:00\" \/>\n<meta property=\"og:image\" content=\"https:\/\/poetomat.ch\/Wordpress\/wp-content\/uploads\/2015\/04\/Islamisierungneu.jpg\" \/>\n\t<meta property=\"og:image:width\" content=\"1575\" \/>\n\t<meta property=\"og:image:height\" content=\"1021\" \/>\n\t<meta property=\"og:image:type\" content=\"image\/jpeg\" \/>\n<meta name=\"author\" content=\"admin\" \/>\n<meta name=\"twitter:label1\" content=\"Verfasst von\" \/>\n\t<meta name=\"twitter:data1\" content=\"admin\" \/>\n\t<meta name=\"twitter:label2\" content=\"Gesch\u00e4tzte Lesezeit\" \/>\n\t<meta name=\"twitter:data2\" content=\"3\u00a0Minuten\" \/>\n<script type=\"application\/ld+json\" class=\"yoast-schema-graph\">{\"@context\":\"https:\\\/\\\/schema.org\",\"@graph\":[{\"@type\":\"Article\",\"@id\":\"https:\\\/\\\/poetomat.ch\\\/Wordpress\\\/islamisierung-am-fruehstueckstisch\\\/#article\",\"isPartOf\":{\"@id\":\"https:\\\/\\\/poetomat.ch\\\/Wordpress\\\/islamisierung-am-fruehstueckstisch\\\/\"},\"author\":{\"name\":\"admin\",\"@id\":\"https:\\\/\\\/poetomat.ch\\\/Wordpress\\\/#\\\/schema\\\/person\\\/2cc02db160cec37374508657cd9d49a8\"},\"headline\":\"Islamisierung am Fr\u00fchst\u00fcckstisch\",\"datePublished\":\"2015-04-07T13:07:02+00:00\",\"dateModified\":\"2025-02-10T18:28:02+00:00\",\"mainEntityOfPage\":{\"@id\":\"https:\\\/\\\/poetomat.ch\\\/Wordpress\\\/islamisierung-am-fruehstueckstisch\\\/\"},\"wordCount\":354,\"commentCount\":0,\"image\":{\"@id\":\"https:\\\/\\\/poetomat.ch\\\/Wordpress\\\/islamisierung-am-fruehstueckstisch\\\/#primaryimage\"},\"thumbnailUrl\":\"https:\\\/\\\/poetomat.ch\\\/Wordpress\\\/wp-content\\\/uploads\\\/2015\\\/04\\\/Islamisierungneu.jpg\",\"articleSection\":[\"Uncategorized\"],\"inLanguage\":\"de\",\"potentialAction\":[{\"@type\":\"CommentAction\",\"name\":\"Comment\",\"target\":[\"https:\\\/\\\/poetomat.ch\\\/Wordpress\\\/islamisierung-am-fruehstueckstisch\\\/#respond\"]}]},{\"@type\":\"WebPage\",\"@id\":\"https:\\\/\\\/poetomat.ch\\\/Wordpress\\\/islamisierung-am-fruehstueckstisch\\\/\",\"url\":\"https:\\\/\\\/poetomat.ch\\\/Wordpress\\\/islamisierung-am-fruehstueckstisch\\\/\",\"name\":\"Islamisierung am Fr\u00fchst\u00fcckstisch \u2013 \u00ab\u00dcbrigens\u00bb, Stephan Moser\",\"isPartOf\":{\"@id\":\"https:\\\/\\\/poetomat.ch\\\/Wordpress\\\/#website\"},\"primaryImageOfPage\":{\"@id\":\"https:\\\/\\\/poetomat.ch\\\/Wordpress\\\/islamisierung-am-fruehstueckstisch\\\/#primaryimage\"},\"image\":{\"@id\":\"https:\\\/\\\/poetomat.ch\\\/Wordpress\\\/islamisierung-am-fruehstueckstisch\\\/#primaryimage\"},\"thumbnailUrl\":\"https:\\\/\\\/poetomat.ch\\\/Wordpress\\\/wp-content\\\/uploads\\\/2015\\\/04\\\/Islamisierungneu.jpg\",\"datePublished\":\"2015-04-07T13:07:02+00:00\",\"dateModified\":\"2025-02-10T18:28:02+00:00\",\"author\":{\"@id\":\"https:\\\/\\\/poetomat.ch\\\/Wordpress\\\/#\\\/schema\\\/person\\\/2cc02db160cec37374508657cd9d49a8\"},\"description\":\"Unser Essen, unser Denken, unsere Sprache \u2013 alles islamisiert, schon seit Jahrhunderten. Na, dann gute Nacht, Abendland.\",\"breadcrumb\":{\"@id\":\"https:\\\/\\\/poetomat.ch\\\/Wordpress\\\/islamisierung-am-fruehstueckstisch\\\/#breadcrumb\"},\"inLanguage\":\"de\",\"potentialAction\":[{\"@type\":\"ReadAction\",\"target\":[\"https:\\\/\\\/poetomat.ch\\\/Wordpress\\\/islamisierung-am-fruehstueckstisch\\\/\"]}]},{\"@type\":\"ImageObject\",\"inLanguage\":\"de\",\"@id\":\"https:\\\/\\\/poetomat.ch\\\/Wordpress\\\/islamisierung-am-fruehstueckstisch\\\/#primaryimage\",\"url\":\"https:\\\/\\\/poetomat.ch\\\/Wordpress\\\/wp-content\\\/uploads\\\/2015\\\/04\\\/Islamisierungneu.jpg\",\"contentUrl\":\"https:\\\/\\\/poetomat.ch\\\/Wordpress\\\/wp-content\\\/uploads\\\/2015\\\/04\\\/Islamisierungneu.jpg\",\"width\":1575,\"height\":1021},{\"@type\":\"BreadcrumbList\",\"@id\":\"https:\\\/\\\/poetomat.ch\\\/Wordpress\\\/islamisierung-am-fruehstueckstisch\\\/#breadcrumb\",\"itemListElement\":[{\"@type\":\"ListItem\",\"position\":1,\"name\":\"Startseite\",\"item\":\"https:\\\/\\\/poetomat.ch\\\/Wordpress\\\/\"},{\"@type\":\"ListItem\",\"position\":2,\"name\":\"Islamisierung am Fr\u00fchst\u00fcckstisch\"}]},{\"@type\":\"WebSite\",\"@id\":\"https:\\\/\\\/poetomat.ch\\\/Wordpress\\\/#website\",\"url\":\"https:\\\/\\\/poetomat.ch\\\/Wordpress\\\/\",\"name\":\"Stephan Moser \u2013 Journalist BR, Kolumnist (Freiburger Nachrichten &amp; Askforce), Autor\",\"description\":\"Ich bin Journalist, Historiker und Autor. Ich schreibe Kolumnen f\u00fcr die \u00abFreiburger Nachrichten\u00bb und die \u00abAskforce\u00bb. Ich habe f\u00fcr die Musical- und Theaterb\u00fchne geschrieben und arbeite an der Vertonung des Dudens.\",\"potentialAction\":[{\"@type\":\"SearchAction\",\"target\":{\"@type\":\"EntryPoint\",\"urlTemplate\":\"https:\\\/\\\/poetomat.ch\\\/Wordpress\\\/?s={search_term_string}\"},\"query-input\":{\"@type\":\"PropertyValueSpecification\",\"valueRequired\":true,\"valueName\":\"search_term_string\"}}],\"inLanguage\":\"de\"},{\"@type\":\"Person\",\"@id\":\"https:\\\/\\\/poetomat.ch\\\/Wordpress\\\/#\\\/schema\\\/person\\\/2cc02db160cec37374508657cd9d49a8\",\"name\":\"admin\",\"image\":{\"@type\":\"ImageObject\",\"inLanguage\":\"de\",\"@id\":\"https:\\\/\\\/secure.gravatar.com\\\/avatar\\\/4be47fdcfcd0474bbe6a1552cfc76bc6caaa23737fb0bdd2f33684f0f4961c8e?s=96&d=mm&r=g\",\"url\":\"https:\\\/\\\/secure.gravatar.com\\\/avatar\\\/4be47fdcfcd0474bbe6a1552cfc76bc6caaa23737fb0bdd2f33684f0f4961c8e?s=96&d=mm&r=g\",\"contentUrl\":\"https:\\\/\\\/secure.gravatar.com\\\/avatar\\\/4be47fdcfcd0474bbe6a1552cfc76bc6caaa23737fb0bdd2f33684f0f4961c8e?s=96&d=mm&r=g\",\"caption\":\"admin\"},\"sameAs\":[\"https:\\\/\\\/x.com\\\/poetomat\"],\"url\":\"https:\\\/\\\/poetomat.ch\\\/Wordpress\\\/author\\\/admin\\\/\"}]}<\/script>\n<!-- \/ Yoast SEO plugin. -->","yoast_head_json":{"title":"Islamisierung am Fr\u00fchst\u00fcckstisch \u2013 \u00ab\u00dcbrigens\u00bb, Stephan Moser","description":"Unser Essen, unser Denken, unsere Sprache \u2013 alles islamisiert, schon seit Jahrhunderten. Na, dann gute Nacht, Abendland.","robots":{"index":"index","follow":"follow","max-snippet":"max-snippet:-1","max-image-preview":"max-image-preview:large","max-video-preview":"max-video-preview:-1"},"canonical":"https:\/\/poetomat.ch\/Wordpress\/islamisierung-am-fruehstueckstisch\/","og_locale":"de_DE","og_type":"article","og_title":"Islamisierung am Fr\u00fchst\u00fcckstisch \u2013 \u00ab\u00dcbrigens\u00bb, Stephan Moser","og_description":"Unser Essen, unser Denken, unsere Sprache \u2013 alles islamisiert, schon seit Jahrhunderten. Na, dann gute Nacht, Abendland.","og_url":"https:\/\/poetomat.ch\/Wordpress\/islamisierung-am-fruehstueckstisch\/","og_site_name":"Stephan Moser \u2013 Journalist BR, Kolumnist (Freiburger Nachrichten &amp; Askforce), Autor","article_published_time":"2015-04-07T13:07:02+00:00","article_modified_time":"2025-02-10T18:28:02+00:00","og_image":[{"width":1575,"height":1021,"url":"https:\/\/poetomat.ch\/Wordpress\/wp-content\/uploads\/2015\/04\/Islamisierungneu.jpg","type":"image\/jpeg"}],"author":"admin","twitter_misc":{"Verfasst von":"admin","Gesch\u00e4tzte Lesezeit":"3\u00a0Minuten"},"schema":{"@context":"https:\/\/schema.org","@graph":[{"@type":"Article","@id":"https:\/\/poetomat.ch\/Wordpress\/islamisierung-am-fruehstueckstisch\/#article","isPartOf":{"@id":"https:\/\/poetomat.ch\/Wordpress\/islamisierung-am-fruehstueckstisch\/"},"author":{"name":"admin","@id":"https:\/\/poetomat.ch\/Wordpress\/#\/schema\/person\/2cc02db160cec37374508657cd9d49a8"},"headline":"Islamisierung am Fr\u00fchst\u00fcckstisch","datePublished":"2015-04-07T13:07:02+00:00","dateModified":"2025-02-10T18:28:02+00:00","mainEntityOfPage":{"@id":"https:\/\/poetomat.ch\/Wordpress\/islamisierung-am-fruehstueckstisch\/"},"wordCount":354,"commentCount":0,"image":{"@id":"https:\/\/poetomat.ch\/Wordpress\/islamisierung-am-fruehstueckstisch\/#primaryimage"},"thumbnailUrl":"https:\/\/poetomat.ch\/Wordpress\/wp-content\/uploads\/2015\/04\/Islamisierungneu.jpg","articleSection":["Uncategorized"],"inLanguage":"de","potentialAction":[{"@type":"CommentAction","name":"Comment","target":["https:\/\/poetomat.ch\/Wordpress\/islamisierung-am-fruehstueckstisch\/#respond"]}]},{"@type":"WebPage","@id":"https:\/\/poetomat.ch\/Wordpress\/islamisierung-am-fruehstueckstisch\/","url":"https:\/\/poetomat.ch\/Wordpress\/islamisierung-am-fruehstueckstisch\/","name":"Islamisierung am Fr\u00fchst\u00fcckstisch \u2013 \u00ab\u00dcbrigens\u00bb, Stephan Moser","isPartOf":{"@id":"https:\/\/poetomat.ch\/Wordpress\/#website"},"primaryImageOfPage":{"@id":"https:\/\/poetomat.ch\/Wordpress\/islamisierung-am-fruehstueckstisch\/#primaryimage"},"image":{"@id":"https:\/\/poetomat.ch\/Wordpress\/islamisierung-am-fruehstueckstisch\/#primaryimage"},"thumbnailUrl":"https:\/\/poetomat.ch\/Wordpress\/wp-content\/uploads\/2015\/04\/Islamisierungneu.jpg","datePublished":"2015-04-07T13:07:02+00:00","dateModified":"2025-02-10T18:28:02+00:00","author":{"@id":"https:\/\/poetomat.ch\/Wordpress\/#\/schema\/person\/2cc02db160cec37374508657cd9d49a8"},"description":"Unser Essen, unser Denken, unsere Sprache \u2013 alles islamisiert, schon seit Jahrhunderten. Na, dann gute Nacht, Abendland.","breadcrumb":{"@id":"https:\/\/poetomat.ch\/Wordpress\/islamisierung-am-fruehstueckstisch\/#breadcrumb"},"inLanguage":"de","potentialAction":[{"@type":"ReadAction","target":["https:\/\/poetomat.ch\/Wordpress\/islamisierung-am-fruehstueckstisch\/"]}]},{"@type":"ImageObject","inLanguage":"de","@id":"https:\/\/poetomat.ch\/Wordpress\/islamisierung-am-fruehstueckstisch\/#primaryimage","url":"https:\/\/poetomat.ch\/Wordpress\/wp-content\/uploads\/2015\/04\/Islamisierungneu.jpg","contentUrl":"https:\/\/poetomat.ch\/Wordpress\/wp-content\/uploads\/2015\/04\/Islamisierungneu.jpg","width":1575,"height":1021},{"@type":"BreadcrumbList","@id":"https:\/\/poetomat.ch\/Wordpress\/islamisierung-am-fruehstueckstisch\/#breadcrumb","itemListElement":[{"@type":"ListItem","position":1,"name":"Startseite","item":"https:\/\/poetomat.ch\/Wordpress\/"},{"@type":"ListItem","position":2,"name":"Islamisierung am Fr\u00fchst\u00fcckstisch"}]},{"@type":"WebSite","@id":"https:\/\/poetomat.ch\/Wordpress\/#website","url":"https:\/\/poetomat.ch\/Wordpress\/","name":"Stephan Moser \u2013 Journalist BR, Kolumnist (Freiburger Nachrichten &amp; Askforce), Autor","description":"Ich bin Journalist, Historiker und Autor. Ich schreibe Kolumnen f\u00fcr die \u00abFreiburger Nachrichten\u00bb und die \u00abAskforce\u00bb. Ich habe f\u00fcr die Musical- und Theaterb\u00fchne geschrieben und arbeite an der Vertonung des Dudens.","potentialAction":[{"@type":"SearchAction","target":{"@type":"EntryPoint","urlTemplate":"https:\/\/poetomat.ch\/Wordpress\/?s={search_term_string}"},"query-input":{"@type":"PropertyValueSpecification","valueRequired":true,"valueName":"search_term_string"}}],"inLanguage":"de"},{"@type":"Person","@id":"https:\/\/poetomat.ch\/Wordpress\/#\/schema\/person\/2cc02db160cec37374508657cd9d49a8","name":"admin","image":{"@type":"ImageObject","inLanguage":"de","@id":"https:\/\/secure.gravatar.com\/avatar\/4be47fdcfcd0474bbe6a1552cfc76bc6caaa23737fb0bdd2f33684f0f4961c8e?s=96&d=mm&r=g","url":"https:\/\/secure.gravatar.com\/avatar\/4be47fdcfcd0474bbe6a1552cfc76bc6caaa23737fb0bdd2f33684f0f4961c8e?s=96&d=mm&r=g","contentUrl":"https:\/\/secure.gravatar.com\/avatar\/4be47fdcfcd0474bbe6a1552cfc76bc6caaa23737fb0bdd2f33684f0f4961c8e?s=96&d=mm&r=g","caption":"admin"},"sameAs":["https:\/\/x.com\/poetomat"],"url":"https:\/\/poetomat.ch\/Wordpress\/author\/admin\/"}]}},"jetpack_featured_media_url":"https:\/\/poetomat.ch\/Wordpress\/wp-content\/uploads\/2015\/04\/Islamisierungneu.jpg","jetpack_sharing_enabled":true,"jetpack_shortlink":"https:\/\/wp.me\/p5IsBv-5n","_links":{"self":[{"href":"https:\/\/poetomat.ch\/Wordpress\/wp-json\/wp\/v2\/posts\/333","targetHints":{"allow":["GET"]}}],"collection":[{"href":"https:\/\/poetomat.ch\/Wordpress\/wp-json\/wp\/v2\/posts"}],"about":[{"href":"https:\/\/poetomat.ch\/Wordpress\/wp-json\/wp\/v2\/types\/post"}],"author":[{"embeddable":true,"href":"https:\/\/poetomat.ch\/Wordpress\/wp-json\/wp\/v2\/users\/2"}],"replies":[{"embeddable":true,"href":"https:\/\/poetomat.ch\/Wordpress\/wp-json\/wp\/v2\/comments?post=333"}],"version-history":[{"count":3,"href":"https:\/\/poetomat.ch\/Wordpress\/wp-json\/wp\/v2\/posts\/333\/revisions"}],"predecessor-version":[{"id":1646,"href":"https:\/\/poetomat.ch\/Wordpress\/wp-json\/wp\/v2\/posts\/333\/revisions\/1646"}],"wp:featuredmedia":[{"embeddable":true,"href":"https:\/\/poetomat.ch\/Wordpress\/wp-json\/wp\/v2\/media\/335"}],"wp:attachment":[{"href":"https:\/\/poetomat.ch\/Wordpress\/wp-json\/wp\/v2\/media?parent=333"}],"wp:term":[{"taxonomy":"category","embeddable":true,"href":"https:\/\/poetomat.ch\/Wordpress\/wp-json\/wp\/v2\/categories?post=333"},{"taxonomy":"post_tag","embeddable":true,"href":"https:\/\/poetomat.ch\/Wordpress\/wp-json\/wp\/v2\/tags?post=333"}],"curies":[{"name":"wp","href":"https:\/\/api.w.org\/{rel}","templated":true}]}}