{"id":325,"date":"2015-03-28T08:59:36","date_gmt":"2015-03-28T07:59:36","guid":{"rendered":"http:\/\/poetomat.ch\/Wordpress\/?p=325"},"modified":"2025-02-10T19:29:01","modified_gmt":"2025-02-10T18:29:01","slug":"schwarze-loecher-an-der-zimmerdecke","status":"publish","type":"post","link":"https:\/\/poetomat.ch\/Wordpress\/schwarze-loecher-an-der-zimmerdecke\/","title":{"rendered":"Schwarze L\u00f6cher an der Zimmerdecke"},"content":{"rendered":"<p><strong>\u00ab\u00dcbrigens\u00bb in den Freiburger Nachrichten vom 21. M\u00e4rz 2015<br \/>\n<\/strong>Es ist schon seltsam: Wir sind zum Mond geflogen, unsere Autos parken selber ein und die Telefone sind smarter als die meisten Benutzer \u2013 aber wenn es darum geht, Lampen aufzuh\u00e4ngen, leben wir immer noch in der Steinzeit.<\/p>\n<div id=\"storyElement-3\" class=\"embeddedCode storyElements ng-star-inserted\">\n<div class=\"embeddedCodeContainer ng-star-inserted\">\n<div>\n<div>\n<div data-io-article-url=\"https:\/\/www.freiburger-nachrichten.ch\/schwarze-locher-an-der-zimmerdecke\/\">\n<p>Da zieht man in eine neue Wohnung und freut sich aufs Einrichten. Aber in allen Zimmern starren einem aus der Decke schwarze L\u00f6cher entgegen, aus denen fies verbogene Dr\u00e4hte herausragen. Und die Freude ist weg. Ausgeknipst. Denn obwohl schon gesch\u00e4tzte sieben Vormieter ihre Lampen aufgeh\u00e4ngt haben, gibt es nat\u00fcrlich keine fix montierten Haken, die man benutzen k\u00f6nnte. Und wenn der Vormieter tats\u00e4chlich so nachl\u00e4ssig war, seine Bohrl\u00f6cher nicht zu verputzen, dann passen sie bestimmt nicht zu den Leuchten, die man aufh\u00e4ngen will.<\/p>\n<p>Also bleibt nur eines: der Griff zum schweren Ger\u00e4t. Ich weiss nicht, wie es Ihnen geht, aber wenn ich auf dem Stuhl stehe, den Milit\u00e4rgeh\u00f6rschutz auf dem Kopf, die Schlagbohrmaschine in der Hand, und mit 48 000 Schl\u00e4gen pro Minute die Decke traktiere, dann scheint in meinem Gehirn immer dasselbe albtraumhafte Bild auf: Ich bohre mitten durch die Stromleitung, gl\u00fche f\u00fcr einen Moment auf wie eine flackernde Neonr\u00f6hre und falle dann tot vom Stuhl, w\u00e4hrend die Bohrmaschine mit einem leisen Sirren den Geist aufgibt.<\/p>\n<p>Und obwohl ich die Sicherung immer, immer vorher rausdrehe, werde ich diesen Gedanken nicht los. Mit schweissnassen H\u00e4nden lege ich dann jeweils die Bohrmaschine zur Seite und reibe mir den Bohrstaub aus den Augen.<\/p>\n<p>Aber die wahre Herausforderung kommt erst noch: Mit dem Schraubenzieher im Mund f\u00e4dle ich die Dr\u00e4hte in die L\u00fcsterklemme ein. Oder versuche es zumindest. Denn leider hat der Designer meiner Lampe die Anschlusskabel so kurz gehalten, dass ich wie eine Fliege an der Decke kleben m\u00fcsste, um das Ganze auf Augenh\u00f6he erledigen zu k\u00f6nnen.<\/p>\n<p>Also stochere ich mit dem Schraubenzieher blind \u00fcber meinem Kopf herum, w\u00e4hrend meine Frau die Lampe h\u00e4lt und fragt, ob ich die Sicherung auch wirklich rausgedreht habe.<\/p>\n<p>Nach einer gef\u00fchlten Ewigkeit ist die Lampe dann irgendwie an der Decke. Und ich bin ganz sch\u00f6n stinkig. Denn eines verstehe ich nicht: Es ginge doch auch so viel einfacher. Wieso steckt nicht in jeder Decke eine genormte Steck-und-Schraubverbindung? Und jede Lampe h\u00e4tte das entsprechende Gegenst\u00fcck. Ein Klick, ein Dreh \u2013 und jede Lampe w\u00e4re im Handumdrehen montiert.<\/p>\n<p>Das w\u00e4re doch mal ein Gebiet, auf dem sich die Br\u00fcsseler Normierungswut segensreich auswirken w\u00fcrde. Aber denen ist noch kein Licht aufgegangen.<\/p>\n<\/div>\n<\/div>\n<\/div>\n<\/div>\n<\/div>\n","protected":false},"excerpt":{"rendered":"<p>\u00ab\u00dcbrigens\u00bb in den Freiburger Nachrichten vom 21. M\u00e4rz 2015 Es ist schon seltsam: Wir sind zum Mond geflogen, unsere Autos parken selber ein und die Telefone sind smarter als die meisten Benutzer \u2013 aber wenn es darum geht, Lampen aufzuh\u00e4ngen, leben wir immer noch in der Steinzeit. Da zieht man in eine neue Wohnung und &hellip; <a href=\"https:\/\/poetomat.ch\/Wordpress\/schwarze-loecher-an-der-zimmerdecke\/\" class=\"more-link\"><span class=\"screen-reader-text\">Schwarze L\u00f6cher an der Zimmerdecke<\/span> weiterlesen<\/a><\/p>\n","protected":false},"author":2,"featured_media":331,"comment_status":"open","ping_status":"closed","sticky":false,"template":"","format":"standard","meta":{"jetpack_post_was_ever_published":false,"_jetpack_newsletter_access":"","_jetpack_dont_email_post_to_subs":false,"_jetpack_newsletter_tier_id":0,"_jetpack_memberships_contains_paywalled_content":false,"_jetpack_memberships_contains_paid_content":false,"footnotes":""},"categories":[1],"tags":[],"class_list":["post-325","post","type-post","status-publish","format-standard","has-post-thumbnail","hentry","category-uncategorized"],"yoast_head":"<!-- This site is optimized with the Yoast SEO plugin v27.4 - https:\/\/yoast.com\/product\/yoast-seo-wordpress\/ -->\n<title>Schwarze L\u00f6cher \u2013 \u00ab\u00dcbrigens\u00bb von Stephan Moser<\/title>\n<meta name=\"description\" content=\"Wir sind zum Mond geflogen und unsere Telefone sind smarter als wir \u2013 aber wenn es darum geht, Lampen aufzuh\u00e4ngen, leben wir immer noch in der Steinzeit.\" \/>\n<meta name=\"robots\" content=\"index, follow, max-snippet:-1, max-image-preview:large, max-video-preview:-1\" \/>\n<link rel=\"canonical\" href=\"https:\/\/poetomat.ch\/Wordpress\/schwarze-loecher-an-der-zimmerdecke\/\" \/>\n<meta property=\"og:locale\" content=\"de_DE\" \/>\n<meta property=\"og:type\" content=\"article\" \/>\n<meta property=\"og:title\" content=\"Schwarze L\u00f6cher \u2013 \u00ab\u00dcbrigens\u00bb von Stephan Moser\" \/>\n<meta property=\"og:description\" content=\"Wir sind zum Mond geflogen und unsere Telefone sind smarter als wir \u2013 aber wenn es darum geht, Lampen aufzuh\u00e4ngen, leben wir immer noch in der Steinzeit.\" \/>\n<meta property=\"og:url\" content=\"https:\/\/poetomat.ch\/Wordpress\/schwarze-loecher-an-der-zimmerdecke\/\" \/>\n<meta property=\"og:site_name\" content=\"Stephan Moser \u2013 Journalist BR, Kolumnist (Freiburger Nachrichten &amp; Askforce), Autor\" \/>\n<meta property=\"article:published_time\" content=\"2015-03-28T07:59:36+00:00\" \/>\n<meta property=\"article:modified_time\" content=\"2025-02-10T18:29:01+00:00\" \/>\n<meta property=\"og:image\" content=\"https:\/\/poetomat.ch\/Wordpress\/wp-content\/uploads\/2015\/03\/loecherneu.jpg\" \/>\n\t<meta property=\"og:image:width\" content=\"1575\" \/>\n\t<meta property=\"og:image:height\" content=\"1112\" \/>\n\t<meta property=\"og:image:type\" content=\"image\/jpeg\" \/>\n<meta name=\"author\" content=\"admin\" \/>\n<meta name=\"twitter:label1\" content=\"Verfasst von\" \/>\n\t<meta name=\"twitter:data1\" content=\"admin\" \/>\n\t<meta name=\"twitter:label2\" content=\"Gesch\u00e4tzte Lesezeit\" \/>\n\t<meta name=\"twitter:data2\" content=\"3\u00a0Minuten\" \/>\n<script type=\"application\/ld+json\" class=\"yoast-schema-graph\">{\"@context\":\"https:\\\/\\\/schema.org\",\"@graph\":[{\"@type\":\"Article\",\"@id\":\"https:\\\/\\\/poetomat.ch\\\/Wordpress\\\/schwarze-loecher-an-der-zimmerdecke\\\/#article\",\"isPartOf\":{\"@id\":\"https:\\\/\\\/poetomat.ch\\\/Wordpress\\\/schwarze-loecher-an-der-zimmerdecke\\\/\"},\"author\":{\"name\":\"admin\",\"@id\":\"https:\\\/\\\/poetomat.ch\\\/Wordpress\\\/#\\\/schema\\\/person\\\/2cc02db160cec37374508657cd9d49a8\"},\"headline\":\"Schwarze L\u00f6cher an der Zimmerdecke\",\"datePublished\":\"2015-03-28T07:59:36+00:00\",\"dateModified\":\"2025-02-10T18:29:01+00:00\",\"mainEntityOfPage\":{\"@id\":\"https:\\\/\\\/poetomat.ch\\\/Wordpress\\\/schwarze-loecher-an-der-zimmerdecke\\\/\"},\"wordCount\":445,\"commentCount\":0,\"image\":{\"@id\":\"https:\\\/\\\/poetomat.ch\\\/Wordpress\\\/schwarze-loecher-an-der-zimmerdecke\\\/#primaryimage\"},\"thumbnailUrl\":\"https:\\\/\\\/poetomat.ch\\\/Wordpress\\\/wp-content\\\/uploads\\\/2015\\\/03\\\/loecherneu.jpg\",\"articleSection\":[\"Uncategorized\"],\"inLanguage\":\"de\",\"potentialAction\":[{\"@type\":\"CommentAction\",\"name\":\"Comment\",\"target\":[\"https:\\\/\\\/poetomat.ch\\\/Wordpress\\\/schwarze-loecher-an-der-zimmerdecke\\\/#respond\"]}]},{\"@type\":\"WebPage\",\"@id\":\"https:\\\/\\\/poetomat.ch\\\/Wordpress\\\/schwarze-loecher-an-der-zimmerdecke\\\/\",\"url\":\"https:\\\/\\\/poetomat.ch\\\/Wordpress\\\/schwarze-loecher-an-der-zimmerdecke\\\/\",\"name\":\"Schwarze L\u00f6cher \u2013 \u00ab\u00dcbrigens\u00bb von Stephan Moser\",\"isPartOf\":{\"@id\":\"https:\\\/\\\/poetomat.ch\\\/Wordpress\\\/#website\"},\"primaryImageOfPage\":{\"@id\":\"https:\\\/\\\/poetomat.ch\\\/Wordpress\\\/schwarze-loecher-an-der-zimmerdecke\\\/#primaryimage\"},\"image\":{\"@id\":\"https:\\\/\\\/poetomat.ch\\\/Wordpress\\\/schwarze-loecher-an-der-zimmerdecke\\\/#primaryimage\"},\"thumbnailUrl\":\"https:\\\/\\\/poetomat.ch\\\/Wordpress\\\/wp-content\\\/uploads\\\/2015\\\/03\\\/loecherneu.jpg\",\"datePublished\":\"2015-03-28T07:59:36+00:00\",\"dateModified\":\"2025-02-10T18:29:01+00:00\",\"author\":{\"@id\":\"https:\\\/\\\/poetomat.ch\\\/Wordpress\\\/#\\\/schema\\\/person\\\/2cc02db160cec37374508657cd9d49a8\"},\"description\":\"Wir sind zum Mond geflogen und unsere Telefone sind smarter als wir \u2013 aber wenn es darum geht, Lampen aufzuh\u00e4ngen, leben wir immer noch in der Steinzeit.\",\"breadcrumb\":{\"@id\":\"https:\\\/\\\/poetomat.ch\\\/Wordpress\\\/schwarze-loecher-an-der-zimmerdecke\\\/#breadcrumb\"},\"inLanguage\":\"de\",\"potentialAction\":[{\"@type\":\"ReadAction\",\"target\":[\"https:\\\/\\\/poetomat.ch\\\/Wordpress\\\/schwarze-loecher-an-der-zimmerdecke\\\/\"]}]},{\"@type\":\"ImageObject\",\"inLanguage\":\"de\",\"@id\":\"https:\\\/\\\/poetomat.ch\\\/Wordpress\\\/schwarze-loecher-an-der-zimmerdecke\\\/#primaryimage\",\"url\":\"https:\\\/\\\/poetomat.ch\\\/Wordpress\\\/wp-content\\\/uploads\\\/2015\\\/03\\\/loecherneu.jpg\",\"contentUrl\":\"https:\\\/\\\/poetomat.ch\\\/Wordpress\\\/wp-content\\\/uploads\\\/2015\\\/03\\\/loecherneu.jpg\",\"width\":1575,\"height\":1112},{\"@type\":\"BreadcrumbList\",\"@id\":\"https:\\\/\\\/poetomat.ch\\\/Wordpress\\\/schwarze-loecher-an-der-zimmerdecke\\\/#breadcrumb\",\"itemListElement\":[{\"@type\":\"ListItem\",\"position\":1,\"name\":\"Startseite\",\"item\":\"https:\\\/\\\/poetomat.ch\\\/Wordpress\\\/\"},{\"@type\":\"ListItem\",\"position\":2,\"name\":\"Schwarze L\u00f6cher an der Zimmerdecke\"}]},{\"@type\":\"WebSite\",\"@id\":\"https:\\\/\\\/poetomat.ch\\\/Wordpress\\\/#website\",\"url\":\"https:\\\/\\\/poetomat.ch\\\/Wordpress\\\/\",\"name\":\"Stephan Moser \u2013 Journalist BR, Kolumnist (Freiburger Nachrichten &amp; Askforce), Autor\",\"description\":\"Ich bin Journalist, Historiker und Autor. Ich schreibe Kolumnen f\u00fcr die \u00abFreiburger Nachrichten\u00bb und die \u00abAskforce\u00bb. Ich habe f\u00fcr die Musical- und Theaterb\u00fchne geschrieben und arbeite an der Vertonung des Dudens.\",\"potentialAction\":[{\"@type\":\"SearchAction\",\"target\":{\"@type\":\"EntryPoint\",\"urlTemplate\":\"https:\\\/\\\/poetomat.ch\\\/Wordpress\\\/?s={search_term_string}\"},\"query-input\":{\"@type\":\"PropertyValueSpecification\",\"valueRequired\":true,\"valueName\":\"search_term_string\"}}],\"inLanguage\":\"de\"},{\"@type\":\"Person\",\"@id\":\"https:\\\/\\\/poetomat.ch\\\/Wordpress\\\/#\\\/schema\\\/person\\\/2cc02db160cec37374508657cd9d49a8\",\"name\":\"admin\",\"image\":{\"@type\":\"ImageObject\",\"inLanguage\":\"de\",\"@id\":\"https:\\\/\\\/secure.gravatar.com\\\/avatar\\\/4be47fdcfcd0474bbe6a1552cfc76bc6caaa23737fb0bdd2f33684f0f4961c8e?s=96&d=mm&r=g\",\"url\":\"https:\\\/\\\/secure.gravatar.com\\\/avatar\\\/4be47fdcfcd0474bbe6a1552cfc76bc6caaa23737fb0bdd2f33684f0f4961c8e?s=96&d=mm&r=g\",\"contentUrl\":\"https:\\\/\\\/secure.gravatar.com\\\/avatar\\\/4be47fdcfcd0474bbe6a1552cfc76bc6caaa23737fb0bdd2f33684f0f4961c8e?s=96&d=mm&r=g\",\"caption\":\"admin\"},\"sameAs\":[\"https:\\\/\\\/x.com\\\/poetomat\"],\"url\":\"https:\\\/\\\/poetomat.ch\\\/Wordpress\\\/author\\\/admin\\\/\"}]}<\/script>\n<!-- \/ Yoast SEO plugin. -->","yoast_head_json":{"title":"Schwarze L\u00f6cher \u2013 \u00ab\u00dcbrigens\u00bb von Stephan Moser","description":"Wir sind zum Mond geflogen und unsere Telefone sind smarter als wir \u2013 aber wenn es darum geht, Lampen aufzuh\u00e4ngen, leben wir immer noch in der Steinzeit.","robots":{"index":"index","follow":"follow","max-snippet":"max-snippet:-1","max-image-preview":"max-image-preview:large","max-video-preview":"max-video-preview:-1"},"canonical":"https:\/\/poetomat.ch\/Wordpress\/schwarze-loecher-an-der-zimmerdecke\/","og_locale":"de_DE","og_type":"article","og_title":"Schwarze L\u00f6cher \u2013 \u00ab\u00dcbrigens\u00bb von Stephan Moser","og_description":"Wir sind zum Mond geflogen und unsere Telefone sind smarter als wir \u2013 aber wenn es darum geht, Lampen aufzuh\u00e4ngen, leben wir immer noch in der Steinzeit.","og_url":"https:\/\/poetomat.ch\/Wordpress\/schwarze-loecher-an-der-zimmerdecke\/","og_site_name":"Stephan Moser \u2013 Journalist BR, Kolumnist (Freiburger Nachrichten &amp; Askforce), Autor","article_published_time":"2015-03-28T07:59:36+00:00","article_modified_time":"2025-02-10T18:29:01+00:00","og_image":[{"width":1575,"height":1112,"url":"https:\/\/poetomat.ch\/Wordpress\/wp-content\/uploads\/2015\/03\/loecherneu.jpg","type":"image\/jpeg"}],"author":"admin","twitter_misc":{"Verfasst von":"admin","Gesch\u00e4tzte Lesezeit":"3\u00a0Minuten"},"schema":{"@context":"https:\/\/schema.org","@graph":[{"@type":"Article","@id":"https:\/\/poetomat.ch\/Wordpress\/schwarze-loecher-an-der-zimmerdecke\/#article","isPartOf":{"@id":"https:\/\/poetomat.ch\/Wordpress\/schwarze-loecher-an-der-zimmerdecke\/"},"author":{"name":"admin","@id":"https:\/\/poetomat.ch\/Wordpress\/#\/schema\/person\/2cc02db160cec37374508657cd9d49a8"},"headline":"Schwarze L\u00f6cher an der Zimmerdecke","datePublished":"2015-03-28T07:59:36+00:00","dateModified":"2025-02-10T18:29:01+00:00","mainEntityOfPage":{"@id":"https:\/\/poetomat.ch\/Wordpress\/schwarze-loecher-an-der-zimmerdecke\/"},"wordCount":445,"commentCount":0,"image":{"@id":"https:\/\/poetomat.ch\/Wordpress\/schwarze-loecher-an-der-zimmerdecke\/#primaryimage"},"thumbnailUrl":"https:\/\/poetomat.ch\/Wordpress\/wp-content\/uploads\/2015\/03\/loecherneu.jpg","articleSection":["Uncategorized"],"inLanguage":"de","potentialAction":[{"@type":"CommentAction","name":"Comment","target":["https:\/\/poetomat.ch\/Wordpress\/schwarze-loecher-an-der-zimmerdecke\/#respond"]}]},{"@type":"WebPage","@id":"https:\/\/poetomat.ch\/Wordpress\/schwarze-loecher-an-der-zimmerdecke\/","url":"https:\/\/poetomat.ch\/Wordpress\/schwarze-loecher-an-der-zimmerdecke\/","name":"Schwarze L\u00f6cher \u2013 \u00ab\u00dcbrigens\u00bb von Stephan Moser","isPartOf":{"@id":"https:\/\/poetomat.ch\/Wordpress\/#website"},"primaryImageOfPage":{"@id":"https:\/\/poetomat.ch\/Wordpress\/schwarze-loecher-an-der-zimmerdecke\/#primaryimage"},"image":{"@id":"https:\/\/poetomat.ch\/Wordpress\/schwarze-loecher-an-der-zimmerdecke\/#primaryimage"},"thumbnailUrl":"https:\/\/poetomat.ch\/Wordpress\/wp-content\/uploads\/2015\/03\/loecherneu.jpg","datePublished":"2015-03-28T07:59:36+00:00","dateModified":"2025-02-10T18:29:01+00:00","author":{"@id":"https:\/\/poetomat.ch\/Wordpress\/#\/schema\/person\/2cc02db160cec37374508657cd9d49a8"},"description":"Wir sind zum Mond geflogen und unsere Telefone sind smarter als wir \u2013 aber wenn es darum geht, Lampen aufzuh\u00e4ngen, leben wir immer noch in der Steinzeit.","breadcrumb":{"@id":"https:\/\/poetomat.ch\/Wordpress\/schwarze-loecher-an-der-zimmerdecke\/#breadcrumb"},"inLanguage":"de","potentialAction":[{"@type":"ReadAction","target":["https:\/\/poetomat.ch\/Wordpress\/schwarze-loecher-an-der-zimmerdecke\/"]}]},{"@type":"ImageObject","inLanguage":"de","@id":"https:\/\/poetomat.ch\/Wordpress\/schwarze-loecher-an-der-zimmerdecke\/#primaryimage","url":"https:\/\/poetomat.ch\/Wordpress\/wp-content\/uploads\/2015\/03\/loecherneu.jpg","contentUrl":"https:\/\/poetomat.ch\/Wordpress\/wp-content\/uploads\/2015\/03\/loecherneu.jpg","width":1575,"height":1112},{"@type":"BreadcrumbList","@id":"https:\/\/poetomat.ch\/Wordpress\/schwarze-loecher-an-der-zimmerdecke\/#breadcrumb","itemListElement":[{"@type":"ListItem","position":1,"name":"Startseite","item":"https:\/\/poetomat.ch\/Wordpress\/"},{"@type":"ListItem","position":2,"name":"Schwarze L\u00f6cher an der Zimmerdecke"}]},{"@type":"WebSite","@id":"https:\/\/poetomat.ch\/Wordpress\/#website","url":"https:\/\/poetomat.ch\/Wordpress\/","name":"Stephan Moser \u2013 Journalist BR, Kolumnist (Freiburger Nachrichten &amp; Askforce), Autor","description":"Ich bin Journalist, Historiker und Autor. Ich schreibe Kolumnen f\u00fcr die \u00abFreiburger Nachrichten\u00bb und die \u00abAskforce\u00bb. Ich habe f\u00fcr die Musical- und Theaterb\u00fchne geschrieben und arbeite an der Vertonung des Dudens.","potentialAction":[{"@type":"SearchAction","target":{"@type":"EntryPoint","urlTemplate":"https:\/\/poetomat.ch\/Wordpress\/?s={search_term_string}"},"query-input":{"@type":"PropertyValueSpecification","valueRequired":true,"valueName":"search_term_string"}}],"inLanguage":"de"},{"@type":"Person","@id":"https:\/\/poetomat.ch\/Wordpress\/#\/schema\/person\/2cc02db160cec37374508657cd9d49a8","name":"admin","image":{"@type":"ImageObject","inLanguage":"de","@id":"https:\/\/secure.gravatar.com\/avatar\/4be47fdcfcd0474bbe6a1552cfc76bc6caaa23737fb0bdd2f33684f0f4961c8e?s=96&d=mm&r=g","url":"https:\/\/secure.gravatar.com\/avatar\/4be47fdcfcd0474bbe6a1552cfc76bc6caaa23737fb0bdd2f33684f0f4961c8e?s=96&d=mm&r=g","contentUrl":"https:\/\/secure.gravatar.com\/avatar\/4be47fdcfcd0474bbe6a1552cfc76bc6caaa23737fb0bdd2f33684f0f4961c8e?s=96&d=mm&r=g","caption":"admin"},"sameAs":["https:\/\/x.com\/poetomat"],"url":"https:\/\/poetomat.ch\/Wordpress\/author\/admin\/"}]}},"jetpack_featured_media_url":"https:\/\/poetomat.ch\/Wordpress\/wp-content\/uploads\/2015\/03\/loecherneu.jpg","jetpack_sharing_enabled":true,"jetpack_shortlink":"https:\/\/wp.me\/p5IsBv-5f","_links":{"self":[{"href":"https:\/\/poetomat.ch\/Wordpress\/wp-json\/wp\/v2\/posts\/325","targetHints":{"allow":["GET"]}}],"collection":[{"href":"https:\/\/poetomat.ch\/Wordpress\/wp-json\/wp\/v2\/posts"}],"about":[{"href":"https:\/\/poetomat.ch\/Wordpress\/wp-json\/wp\/v2\/types\/post"}],"author":[{"embeddable":true,"href":"https:\/\/poetomat.ch\/Wordpress\/wp-json\/wp\/v2\/users\/2"}],"replies":[{"embeddable":true,"href":"https:\/\/poetomat.ch\/Wordpress\/wp-json\/wp\/v2\/comments?post=325"}],"version-history":[{"count":3,"href":"https:\/\/poetomat.ch\/Wordpress\/wp-json\/wp\/v2\/posts\/325\/revisions"}],"predecessor-version":[{"id":1647,"href":"https:\/\/poetomat.ch\/Wordpress\/wp-json\/wp\/v2\/posts\/325\/revisions\/1647"}],"wp:featuredmedia":[{"embeddable":true,"href":"https:\/\/poetomat.ch\/Wordpress\/wp-json\/wp\/v2\/media\/331"}],"wp:attachment":[{"href":"https:\/\/poetomat.ch\/Wordpress\/wp-json\/wp\/v2\/media?parent=325"}],"wp:term":[{"taxonomy":"category","embeddable":true,"href":"https:\/\/poetomat.ch\/Wordpress\/wp-json\/wp\/v2\/categories?post=325"},{"taxonomy":"post_tag","embeddable":true,"href":"https:\/\/poetomat.ch\/Wordpress\/wp-json\/wp\/v2\/tags?post=325"}],"curies":[{"name":"wp","href":"https:\/\/api.w.org\/{rel}","templated":true}]}}