{"id":32,"date":"2015-01-25T19:29:44","date_gmt":"2015-01-25T19:29:44","guid":{"rendered":"http:\/\/poetomat.ch\/Wordpress\/?p=32"},"modified":"2025-02-10T13:08:42","modified_gmt":"2025-02-10T12:08:42","slug":"holen-wir-die-wm-nach-freiburg","status":"publish","type":"post","link":"https:\/\/poetomat.ch\/Wordpress\/holen-wir-die-wm-nach-freiburg\/","title":{"rendered":"Holen wir die WM nach Freiburg"},"content":{"rendered":"<p><strong>WM-Glosse in den Freiburger Nachrichten vom 5. Juli 2014<\/strong><\/p>\n<p>Russland ist 2018 dran. 2022 Katar. 2026 darf die WM laut Fifa-Regeln nicht in Europa stattfinden. Aber wir sind ja nicht in Europa. Also sollten wir uns um die Fussballweltmeisterschaft 2026 bewerben, finde ich. Und mit \u00abuns\u00bb meine ich nicht die Schweiz, sondern den Kanton Freiburg.<\/p>\n<p>Was Brasilien kann, k\u00f6nnen wir auch. Denn mal ganz ehrlich: Was unterscheidet Freiburg von Brasilien? Eigentlich nichts Entscheidendes: Sie haben die Copacabana, wir den Sensestrand. Sie die Christusstatue, wir die Loretto-Kapelle. Sie haben indigene V\u00f6lker, wir die Greyerzer. Und die s\u00fcdamerikanische Lebensfreude toppen wir mit charmanter voralpiner Verknorztheit. Am wichtigsten aber: Freiburg und Brasilien sind beides Schwellenl\u00e4nder auf dem Sprung zur Wirtschaftsmacht. Noch Kuhmist an den Sohlen, machen wir in der blauen Fabrik auf Zukunft und setzen auf Biotech. Genau wie Brasilien. Die Ambitionen gross, die Bev\u00f6lkerung jung, das Budget knapp. Die Lehrer gehen auf die Strasse, weil ihre L\u00f6hne gek\u00fcrzt werden: H\u00fcben wie dr\u00fcben dasselbe Lied.<\/p>\n<div id=\"storyElement-3\" class=\"embeddedCode storyElements ng-star-inserted\">\n<div class=\"embeddedCodeContainer ng-star-inserted\">\n<div>\n<div>\n<div data-io-article-url=\"https:\/\/www.freiburger-nachrichten.ch\/holen-wir-die-wm-nach-freiburg\/\">\n<p>Und darum holen wir die WM jetzt nach Freiburg. Sie wird uns gut tun. Einen Monat lang schaut die Welt auf unseren Kanton: Der Imagegewinn \u2013 unbezahlbar. Die Fans aus aller Welt, und danach die Touristen, die Firmen \u2013 sie alle bringen Geld. Ein Ruck geht durch den Kanton. Deutsch und Welsch stehen zusammen. Freiburg wird zum Motor der Schweizer Wirtschaft.<\/p>\n<p>Die Stadien fehlen? Ich bitte Sie, das ist doch kein Grund. Der Kanton hat Erfahrung damit, auf die Schnelle grosse Projekte zu realisieren. Dass die am Ende dann teurer werden als geplant, nun ja, das geh\u00f6rt irgendwie zur Natur der Sache. Daf\u00fcr sind die Bauten spektakul\u00e4r: Ein schwimmendes Fussballfeld auf dem Murtensee (\u00abfifaplage\u00bb). Eine Alpenarena in Schwarzsee, bei der das Wolfsgeheul aus den umliegenden Bergen die Pfeife des Schiedsrichters \u00fcbert\u00f6nt (\u00abDie Voralpenh\u00f6lle\u00bb titeln die ausl\u00e4ndischen Medien). Die Verantwortlichen der Jazz Parade \u00fcbernehmen die Organisation. Hubert Audriaz gestaltet die Er\u00f6ffnungsfeier als bunten Kindergeburtstag. Gustav singt inbr\u00fcnstig die von ihm neu getextete und komponierte Schweizer Nationalhymne. Und beim Er\u00f6ffnungsspiel Schweiz \u2013 Deutschland geht im entscheidenden Moment das Licht im Stadion aus, was Beat Vonlanthen entz\u00fcckt mit \u00abOFF-Side\u00bb kommentiert.<\/p>\n<p>Kurz: Es wird ein Debakel. Es wird ein Fussballfest.<\/p>\n<p>Wir brauchen nur noch die Fifa zu \u00fcberzeugen. Sie wissen ja, wie das geht. Ihre Argumente k\u00f6nnen Sie mir in unauff\u00e4lligen Umschl\u00e4gen zukommen lassen. Bis zur Vergabe der WM 2026 haben wir sicher die n\u00f6tigen paar Millionen gute Gr\u00fcnde beisammen.<\/p>\n<\/div>\n<\/div>\n<\/div>\n<\/div>\n<\/div>\n","protected":false},"excerpt":{"rendered":"<p>WM-Glosse in den Freiburger Nachrichten vom 5. Juli 2014 Russland ist 2018 dran. 2022 Katar. 2026 darf die WM laut Fifa-Regeln nicht in Europa stattfinden. Aber wir sind ja nicht in Europa. Also sollten wir uns um die Fussballweltmeisterschaft 2026 bewerben, finde ich. Und mit \u00abuns\u00bb meine ich nicht die Schweiz, sondern den Kanton Freiburg. &hellip; <a href=\"https:\/\/poetomat.ch\/Wordpress\/holen-wir-die-wm-nach-freiburg\/\" class=\"more-link\"><span class=\"screen-reader-text\">Holen wir die WM nach Freiburg<\/span> weiterlesen<\/a><\/p>\n","protected":false},"author":2,"featured_media":0,"comment_status":"open","ping_status":"closed","sticky":false,"template":"","format":"standard","meta":{"jetpack_post_was_ever_published":false,"_jetpack_newsletter_access":"","_jetpack_dont_email_post_to_subs":false,"_jetpack_newsletter_tier_id":0,"_jetpack_memberships_contains_paywalled_content":false,"_jetpack_memberships_contains_paid_content":false,"footnotes":""},"categories":[1],"tags":[],"class_list":["post-32","post","type-post","status-publish","format-standard","hentry","category-uncategorized"],"yoast_head":"<!-- This site is optimized with the Yoast SEO plugin v27.4 - https:\/\/yoast.com\/product\/yoast-seo-wordpress\/ -->\n<title>Holen wir die WM nach Freiburg - Stephan Moser \u2013 Journalist BR, Kolumnist (Freiburger Nachrichten &amp; Askforce), Autor<\/title>\n<meta name=\"robots\" content=\"index, follow, max-snippet:-1, max-image-preview:large, max-video-preview:-1\" \/>\n<link rel=\"canonical\" href=\"https:\/\/poetomat.ch\/Wordpress\/holen-wir-die-wm-nach-freiburg\/\" \/>\n<meta property=\"og:locale\" content=\"de_DE\" \/>\n<meta property=\"og:type\" content=\"article\" \/>\n<meta property=\"og:title\" content=\"Holen wir die WM nach Freiburg - Stephan Moser \u2013 Journalist BR, Kolumnist (Freiburger Nachrichten &amp; Askforce), Autor\" \/>\n<meta property=\"og:description\" content=\"WM-Glosse in den Freiburger Nachrichten vom 5. Juli 2014 Russland ist 2018 dran. 2022 Katar. 2026 darf die WM laut Fifa-Regeln nicht in Europa stattfinden. Aber wir sind ja nicht in Europa. Also sollten wir uns um die Fussballweltmeisterschaft 2026 bewerben, finde ich. Und mit \u00abuns\u00bb meine ich nicht die Schweiz, sondern den Kanton Freiburg. &hellip; Holen wir die WM nach Freiburg weiterlesen\" \/>\n<meta property=\"og:url\" content=\"https:\/\/poetomat.ch\/Wordpress\/holen-wir-die-wm-nach-freiburg\/\" \/>\n<meta property=\"og:site_name\" content=\"Stephan Moser \u2013 Journalist BR, Kolumnist (Freiburger Nachrichten &amp; Askforce), Autor\" \/>\n<meta property=\"article:published_time\" content=\"2015-01-25T19:29:44+00:00\" \/>\n<meta property=\"article:modified_time\" content=\"2025-02-10T12:08:42+00:00\" \/>\n<meta name=\"author\" content=\"admin\" \/>\n<meta name=\"twitter:label1\" content=\"Verfasst von\" \/>\n\t<meta name=\"twitter:data1\" content=\"admin\" \/>\n\t<meta name=\"twitter:label2\" content=\"Gesch\u00e4tzte Lesezeit\" \/>\n\t<meta name=\"twitter:data2\" content=\"3\u00a0Minuten\" \/>\n<script type=\"application\/ld+json\" class=\"yoast-schema-graph\">{\"@context\":\"https:\\\/\\\/schema.org\",\"@graph\":[{\"@type\":\"Article\",\"@id\":\"https:\\\/\\\/poetomat.ch\\\/Wordpress\\\/holen-wir-die-wm-nach-freiburg\\\/#article\",\"isPartOf\":{\"@id\":\"https:\\\/\\\/poetomat.ch\\\/Wordpress\\\/holen-wir-die-wm-nach-freiburg\\\/\"},\"author\":{\"name\":\"admin\",\"@id\":\"https:\\\/\\\/poetomat.ch\\\/Wordpress\\\/#\\\/schema\\\/person\\\/2cc02db160cec37374508657cd9d49a8\"},\"headline\":\"Holen wir die WM nach Freiburg\",\"datePublished\":\"2015-01-25T19:29:44+00:00\",\"dateModified\":\"2025-02-10T12:08:42+00:00\",\"mainEntityOfPage\":{\"@id\":\"https:\\\/\\\/poetomat.ch\\\/Wordpress\\\/holen-wir-die-wm-nach-freiburg\\\/\"},\"wordCount\":418,\"commentCount\":0,\"articleSection\":[\"Uncategorized\"],\"inLanguage\":\"de\",\"potentialAction\":[{\"@type\":\"CommentAction\",\"name\":\"Comment\",\"target\":[\"https:\\\/\\\/poetomat.ch\\\/Wordpress\\\/holen-wir-die-wm-nach-freiburg\\\/#respond\"]}]},{\"@type\":\"WebPage\",\"@id\":\"https:\\\/\\\/poetomat.ch\\\/Wordpress\\\/holen-wir-die-wm-nach-freiburg\\\/\",\"url\":\"https:\\\/\\\/poetomat.ch\\\/Wordpress\\\/holen-wir-die-wm-nach-freiburg\\\/\",\"name\":\"Holen wir die WM nach Freiburg - Stephan Moser \u2013 Journalist BR, Kolumnist (Freiburger Nachrichten &amp; Askforce), Autor\",\"isPartOf\":{\"@id\":\"https:\\\/\\\/poetomat.ch\\\/Wordpress\\\/#website\"},\"datePublished\":\"2015-01-25T19:29:44+00:00\",\"dateModified\":\"2025-02-10T12:08:42+00:00\",\"author\":{\"@id\":\"https:\\\/\\\/poetomat.ch\\\/Wordpress\\\/#\\\/schema\\\/person\\\/2cc02db160cec37374508657cd9d49a8\"},\"breadcrumb\":{\"@id\":\"https:\\\/\\\/poetomat.ch\\\/Wordpress\\\/holen-wir-die-wm-nach-freiburg\\\/#breadcrumb\"},\"inLanguage\":\"de\",\"potentialAction\":[{\"@type\":\"ReadAction\",\"target\":[\"https:\\\/\\\/poetomat.ch\\\/Wordpress\\\/holen-wir-die-wm-nach-freiburg\\\/\"]}]},{\"@type\":\"BreadcrumbList\",\"@id\":\"https:\\\/\\\/poetomat.ch\\\/Wordpress\\\/holen-wir-die-wm-nach-freiburg\\\/#breadcrumb\",\"itemListElement\":[{\"@type\":\"ListItem\",\"position\":1,\"name\":\"Startseite\",\"item\":\"https:\\\/\\\/poetomat.ch\\\/Wordpress\\\/\"},{\"@type\":\"ListItem\",\"position\":2,\"name\":\"Holen wir die WM nach Freiburg\"}]},{\"@type\":\"WebSite\",\"@id\":\"https:\\\/\\\/poetomat.ch\\\/Wordpress\\\/#website\",\"url\":\"https:\\\/\\\/poetomat.ch\\\/Wordpress\\\/\",\"name\":\"Stephan Moser \u2013 Journalist BR, Kolumnist (Freiburger Nachrichten &amp; Askforce), Autor\",\"description\":\"Ich bin Journalist, Historiker und Autor. Ich schreibe Kolumnen f\u00fcr die \u00abFreiburger Nachrichten\u00bb und die \u00abAskforce\u00bb. Ich habe f\u00fcr die Musical- und Theaterb\u00fchne geschrieben und arbeite an der Vertonung des Dudens.\",\"potentialAction\":[{\"@type\":\"SearchAction\",\"target\":{\"@type\":\"EntryPoint\",\"urlTemplate\":\"https:\\\/\\\/poetomat.ch\\\/Wordpress\\\/?s={search_term_string}\"},\"query-input\":{\"@type\":\"PropertyValueSpecification\",\"valueRequired\":true,\"valueName\":\"search_term_string\"}}],\"inLanguage\":\"de\"},{\"@type\":\"Person\",\"@id\":\"https:\\\/\\\/poetomat.ch\\\/Wordpress\\\/#\\\/schema\\\/person\\\/2cc02db160cec37374508657cd9d49a8\",\"name\":\"admin\",\"image\":{\"@type\":\"ImageObject\",\"inLanguage\":\"de\",\"@id\":\"https:\\\/\\\/secure.gravatar.com\\\/avatar\\\/4be47fdcfcd0474bbe6a1552cfc76bc6caaa23737fb0bdd2f33684f0f4961c8e?s=96&d=mm&r=g\",\"url\":\"https:\\\/\\\/secure.gravatar.com\\\/avatar\\\/4be47fdcfcd0474bbe6a1552cfc76bc6caaa23737fb0bdd2f33684f0f4961c8e?s=96&d=mm&r=g\",\"contentUrl\":\"https:\\\/\\\/secure.gravatar.com\\\/avatar\\\/4be47fdcfcd0474bbe6a1552cfc76bc6caaa23737fb0bdd2f33684f0f4961c8e?s=96&d=mm&r=g\",\"caption\":\"admin\"},\"sameAs\":[\"https:\\\/\\\/x.com\\\/poetomat\"],\"url\":\"https:\\\/\\\/poetomat.ch\\\/Wordpress\\\/author\\\/admin\\\/\"}]}<\/script>\n<!-- \/ Yoast SEO plugin. -->","yoast_head_json":{"title":"Holen wir die WM nach Freiburg - Stephan Moser \u2013 Journalist BR, Kolumnist (Freiburger Nachrichten &amp; Askforce), Autor","robots":{"index":"index","follow":"follow","max-snippet":"max-snippet:-1","max-image-preview":"max-image-preview:large","max-video-preview":"max-video-preview:-1"},"canonical":"https:\/\/poetomat.ch\/Wordpress\/holen-wir-die-wm-nach-freiburg\/","og_locale":"de_DE","og_type":"article","og_title":"Holen wir die WM nach Freiburg - Stephan Moser \u2013 Journalist BR, Kolumnist (Freiburger Nachrichten &amp; Askforce), Autor","og_description":"WM-Glosse in den Freiburger Nachrichten vom 5. Juli 2014 Russland ist 2018 dran. 2022 Katar. 2026 darf die WM laut Fifa-Regeln nicht in Europa stattfinden. Aber wir sind ja nicht in Europa. Also sollten wir uns um die Fussballweltmeisterschaft 2026 bewerben, finde ich. Und mit \u00abuns\u00bb meine ich nicht die Schweiz, sondern den Kanton Freiburg. &hellip; Holen wir die WM nach Freiburg weiterlesen","og_url":"https:\/\/poetomat.ch\/Wordpress\/holen-wir-die-wm-nach-freiburg\/","og_site_name":"Stephan Moser \u2013 Journalist BR, Kolumnist (Freiburger Nachrichten &amp; Askforce), Autor","article_published_time":"2015-01-25T19:29:44+00:00","article_modified_time":"2025-02-10T12:08:42+00:00","author":"admin","twitter_misc":{"Verfasst von":"admin","Gesch\u00e4tzte Lesezeit":"3\u00a0Minuten"},"schema":{"@context":"https:\/\/schema.org","@graph":[{"@type":"Article","@id":"https:\/\/poetomat.ch\/Wordpress\/holen-wir-die-wm-nach-freiburg\/#article","isPartOf":{"@id":"https:\/\/poetomat.ch\/Wordpress\/holen-wir-die-wm-nach-freiburg\/"},"author":{"name":"admin","@id":"https:\/\/poetomat.ch\/Wordpress\/#\/schema\/person\/2cc02db160cec37374508657cd9d49a8"},"headline":"Holen wir die WM nach Freiburg","datePublished":"2015-01-25T19:29:44+00:00","dateModified":"2025-02-10T12:08:42+00:00","mainEntityOfPage":{"@id":"https:\/\/poetomat.ch\/Wordpress\/holen-wir-die-wm-nach-freiburg\/"},"wordCount":418,"commentCount":0,"articleSection":["Uncategorized"],"inLanguage":"de","potentialAction":[{"@type":"CommentAction","name":"Comment","target":["https:\/\/poetomat.ch\/Wordpress\/holen-wir-die-wm-nach-freiburg\/#respond"]}]},{"@type":"WebPage","@id":"https:\/\/poetomat.ch\/Wordpress\/holen-wir-die-wm-nach-freiburg\/","url":"https:\/\/poetomat.ch\/Wordpress\/holen-wir-die-wm-nach-freiburg\/","name":"Holen wir die WM nach Freiburg - Stephan Moser \u2013 Journalist BR, Kolumnist (Freiburger Nachrichten &amp; Askforce), Autor","isPartOf":{"@id":"https:\/\/poetomat.ch\/Wordpress\/#website"},"datePublished":"2015-01-25T19:29:44+00:00","dateModified":"2025-02-10T12:08:42+00:00","author":{"@id":"https:\/\/poetomat.ch\/Wordpress\/#\/schema\/person\/2cc02db160cec37374508657cd9d49a8"},"breadcrumb":{"@id":"https:\/\/poetomat.ch\/Wordpress\/holen-wir-die-wm-nach-freiburg\/#breadcrumb"},"inLanguage":"de","potentialAction":[{"@type":"ReadAction","target":["https:\/\/poetomat.ch\/Wordpress\/holen-wir-die-wm-nach-freiburg\/"]}]},{"@type":"BreadcrumbList","@id":"https:\/\/poetomat.ch\/Wordpress\/holen-wir-die-wm-nach-freiburg\/#breadcrumb","itemListElement":[{"@type":"ListItem","position":1,"name":"Startseite","item":"https:\/\/poetomat.ch\/Wordpress\/"},{"@type":"ListItem","position":2,"name":"Holen wir die WM nach Freiburg"}]},{"@type":"WebSite","@id":"https:\/\/poetomat.ch\/Wordpress\/#website","url":"https:\/\/poetomat.ch\/Wordpress\/","name":"Stephan Moser \u2013 Journalist BR, Kolumnist (Freiburger Nachrichten &amp; Askforce), Autor","description":"Ich bin Journalist, Historiker und Autor. Ich schreibe Kolumnen f\u00fcr die \u00abFreiburger Nachrichten\u00bb und die \u00abAskforce\u00bb. Ich habe f\u00fcr die Musical- und Theaterb\u00fchne geschrieben und arbeite an der Vertonung des Dudens.","potentialAction":[{"@type":"SearchAction","target":{"@type":"EntryPoint","urlTemplate":"https:\/\/poetomat.ch\/Wordpress\/?s={search_term_string}"},"query-input":{"@type":"PropertyValueSpecification","valueRequired":true,"valueName":"search_term_string"}}],"inLanguage":"de"},{"@type":"Person","@id":"https:\/\/poetomat.ch\/Wordpress\/#\/schema\/person\/2cc02db160cec37374508657cd9d49a8","name":"admin","image":{"@type":"ImageObject","inLanguage":"de","@id":"https:\/\/secure.gravatar.com\/avatar\/4be47fdcfcd0474bbe6a1552cfc76bc6caaa23737fb0bdd2f33684f0f4961c8e?s=96&d=mm&r=g","url":"https:\/\/secure.gravatar.com\/avatar\/4be47fdcfcd0474bbe6a1552cfc76bc6caaa23737fb0bdd2f33684f0f4961c8e?s=96&d=mm&r=g","contentUrl":"https:\/\/secure.gravatar.com\/avatar\/4be47fdcfcd0474bbe6a1552cfc76bc6caaa23737fb0bdd2f33684f0f4961c8e?s=96&d=mm&r=g","caption":"admin"},"sameAs":["https:\/\/x.com\/poetomat"],"url":"https:\/\/poetomat.ch\/Wordpress\/author\/admin\/"}]}},"jetpack_featured_media_url":"","jetpack_sharing_enabled":true,"jetpack_shortlink":"https:\/\/wp.me\/p5IsBv-w","_links":{"self":[{"href":"https:\/\/poetomat.ch\/Wordpress\/wp-json\/wp\/v2\/posts\/32","targetHints":{"allow":["GET"]}}],"collection":[{"href":"https:\/\/poetomat.ch\/Wordpress\/wp-json\/wp\/v2\/posts"}],"about":[{"href":"https:\/\/poetomat.ch\/Wordpress\/wp-json\/wp\/v2\/types\/post"}],"author":[{"embeddable":true,"href":"https:\/\/poetomat.ch\/Wordpress\/wp-json\/wp\/v2\/users\/2"}],"replies":[{"embeddable":true,"href":"https:\/\/poetomat.ch\/Wordpress\/wp-json\/wp\/v2\/comments?post=32"}],"version-history":[{"count":4,"href":"https:\/\/poetomat.ch\/Wordpress\/wp-json\/wp\/v2\/posts\/32\/revisions"}],"predecessor-version":[{"id":1512,"href":"https:\/\/poetomat.ch\/Wordpress\/wp-json\/wp\/v2\/posts\/32\/revisions\/1512"}],"wp:attachment":[{"href":"https:\/\/poetomat.ch\/Wordpress\/wp-json\/wp\/v2\/media?parent=32"}],"wp:term":[{"taxonomy":"category","embeddable":true,"href":"https:\/\/poetomat.ch\/Wordpress\/wp-json\/wp\/v2\/categories?post=32"},{"taxonomy":"post_tag","embeddable":true,"href":"https:\/\/poetomat.ch\/Wordpress\/wp-json\/wp\/v2\/tags?post=32"}],"curies":[{"name":"wp","href":"https:\/\/api.w.org\/{rel}","templated":true}]}}