{"id":30,"date":"2015-01-25T19:28:25","date_gmt":"2015-01-25T19:28:25","guid":{"rendered":"http:\/\/poetomat.ch\/Wordpress\/?p=30"},"modified":"2025-02-10T13:05:48","modified_gmt":"2025-02-10T12:05:48","slug":"das-25-ist-meine-schuld","status":"publish","type":"post","link":"https:\/\/poetomat.ch\/Wordpress\/das-25-ist-meine-schuld\/","title":{"rendered":"Das 2:5 ist meine Schuld"},"content":{"rendered":"<p><strong>WM-Glosse in den Freiburger Nachrichten vom 23. Juni 2014<\/strong><\/p>\n<p>Ich bin schuld daran, dass die Schweiz gegen Frankreich so schm\u00e4hlich verloren hat. Nicht Benaglio. Nicht Lichtsteiner. Nicht Shaqiri. Schon gar nicht Hitzfeld. Ich ganz allein.\u00a0<\/p>\n<p>Ich h\u00e4tte die Fahne aufheben sollen, dann w\u00e4re alles anders gekommen. Sie lag mitten auf der Kreuzung. Beauregard-Midi. Ein kleines Schweizer F\u00e4hnchen, wie man es in den Tankstellenshops gratis bekommt, wenn man zwei K\u00e4sten Bier, einen Sack Holzkohle und 35 Cervelats kauft. Eines jener F\u00e4hnchen, die sich Fans an ihr Auto montieren. Nun lag es auf der Strasse, zerknittert, dreckig. Sieben Stunden vor dem Anpfiff. Es musste von einem Schweizer Fan-Mobil abgefallen sein. Vielleicht hatte der Fahrer es nicht fachm\u00e4nnisch montiert, vielleicht war das hehre Tuch billige Chinaware, das dem Fahrtwind nicht standgehalten hatte. Vielleicht hatten sich auch zwei Autos gekreuzt, beide beflaggt, ein Schweizer Fan und ein Anh\u00e4nger der \u00abBleus\u00bb. Sie waren sich gef\u00e4hrlich nahegekommen \u2013 und die Trikolore hatte mehr Standfestigkeit bewiesen.<\/p>\n<p>Wie auch immer: Ich sass im Bus, sah aus den Augenwinkeln die gesch\u00e4ndete Standarte und wusste instinktiv, was ich tun musste. Oder h\u00e4tte tun sollen. Denn wenn ich eines gelernt hatte aus den unz\u00e4hligen R\u00f6mer-, Ritter- und Kriegsfilmen, die ich gesehen habe, dann dies: Der General mochte taktisch noch so gewieft sein, die Sturmspitze noch so furchtlos \u2013 lag die Fahne erst am Boden, dann war die Schlacht vorbei und der Krieg verloren.<\/p>\n<p>Unter lauten \u00abHopp Schwiiz\u00bb-Rufen h\u00e4tte ich aus dem Bus st\u00fcrzen sollen. Todesmutig h\u00e4tte ich durch den dichten Verkehr in die Mitte der Kreuzung hechten und das F\u00e4hnlein hochheben sollen, bevor ein Lastwagen voller G\u00e4nseleber es \u00fcberrollen w\u00fcrde. Rings um mich h\u00e4tten die begeisterten Fans gehupt und Fahnen geschwenkt. Ich w\u00e4re der Held gewesen.<\/p>\n<p>Wahrscheinlich w\u00e4re ich auf der dicht befahrenen Kreuzung auch einfach unter die R\u00e4der gekommen. Und ich hatte keine Lust, einen filmreifen Heldentod zu sterben. (Die \u00fcber mich gebeugten Sanit\u00e4ter sch\u00fctteln traurig den Kopf. Mit einer Tr\u00e4ne in den Augen und dem Ausdruck grimmigen Patriotismus\u2013\u00abSein Tod war nicht umsonst\u00bb \u2013 nehmen sie die Fahne aus meiner kalten Hand. Zoom auf das wehende Schweizerkreuz. \u00dcberblendung zum Schweizer Siegestreffer gegen Frankreich. Ende.) Ich hatte eigentlich \u00fcberhaupt keine Lust, zu sterben. Und der Bus fuhr weiter. Und ich musste zur Arbeit.<\/p>\n<p>Den Rest kennen Sie ja. Jetzt wissen Sie auch, wer es vermasselt hat.<\/p>\n<p>Exg\u00fcsi!<\/p>\n\n\n<p><\/p>\n","protected":false},"excerpt":{"rendered":"<p>WM-Glosse in den Freiburger Nachrichten vom 23. Juni 2014 Ich bin schuld daran, dass die Schweiz gegen Frankreich so schm\u00e4hlich verloren hat. Nicht Benaglio. Nicht Lichtsteiner. Nicht Shaqiri. Schon gar nicht Hitzfeld. Ich ganz allein.\u00a0 Ich h\u00e4tte die Fahne aufheben sollen, dann w\u00e4re alles anders gekommen. Sie lag mitten auf der Kreuzung. Beauregard-Midi. Ein kleines &hellip; <a href=\"https:\/\/poetomat.ch\/Wordpress\/das-25-ist-meine-schuld\/\" class=\"more-link\"><span class=\"screen-reader-text\">Das 2:5 ist meine Schuld<\/span> weiterlesen<\/a><\/p>\n","protected":false},"author":2,"featured_media":0,"comment_status":"open","ping_status":"closed","sticky":false,"template":"","format":"standard","meta":{"jetpack_post_was_ever_published":false,"_jetpack_newsletter_access":"","_jetpack_dont_email_post_to_subs":false,"_jetpack_newsletter_tier_id":0,"_jetpack_memberships_contains_paywalled_content":false,"_jetpack_memberships_contains_paid_content":false,"footnotes":""},"categories":[1],"tags":[],"class_list":["post-30","post","type-post","status-publish","format-standard","hentry","category-uncategorized"],"yoast_head":"<!-- This site is optimized with the Yoast SEO plugin v27.4 - https:\/\/yoast.com\/product\/yoast-seo-wordpress\/ -->\n<title>Das 2:5 ist meine Schuld - Stephan Moser \u2013 Journalist BR, Kolumnist (Freiburger Nachrichten &amp; Askforce), Autor<\/title>\n<meta name=\"robots\" content=\"index, follow, max-snippet:-1, max-image-preview:large, max-video-preview:-1\" \/>\n<link rel=\"canonical\" href=\"https:\/\/poetomat.ch\/Wordpress\/das-25-ist-meine-schuld\/\" \/>\n<meta property=\"og:locale\" content=\"de_DE\" \/>\n<meta property=\"og:type\" content=\"article\" \/>\n<meta property=\"og:title\" content=\"Das 2:5 ist meine Schuld - Stephan Moser \u2013 Journalist BR, Kolumnist (Freiburger Nachrichten &amp; Askforce), Autor\" \/>\n<meta property=\"og:description\" content=\"WM-Glosse in den Freiburger Nachrichten vom 23. Juni 2014 Ich bin schuld daran, dass die Schweiz gegen Frankreich so schm\u00e4hlich verloren hat. Nicht Benaglio. Nicht Lichtsteiner. Nicht Shaqiri. Schon gar nicht Hitzfeld. Ich ganz allein.\u00a0 Ich h\u00e4tte die Fahne aufheben sollen, dann w\u00e4re alles anders gekommen. Sie lag mitten auf der Kreuzung. Beauregard-Midi. Ein kleines &hellip; Das 2:5 ist meine Schuld weiterlesen\" \/>\n<meta property=\"og:url\" content=\"https:\/\/poetomat.ch\/Wordpress\/das-25-ist-meine-schuld\/\" \/>\n<meta property=\"og:site_name\" content=\"Stephan Moser \u2013 Journalist BR, Kolumnist (Freiburger Nachrichten &amp; Askforce), Autor\" \/>\n<meta property=\"article:published_time\" content=\"2015-01-25T19:28:25+00:00\" \/>\n<meta property=\"article:modified_time\" content=\"2025-02-10T12:05:48+00:00\" \/>\n<meta name=\"author\" content=\"admin\" \/>\n<meta name=\"twitter:label1\" content=\"Verfasst von\" \/>\n\t<meta name=\"twitter:data1\" content=\"admin\" \/>\n\t<meta name=\"twitter:label2\" content=\"Gesch\u00e4tzte Lesezeit\" \/>\n\t<meta name=\"twitter:data2\" content=\"3\u00a0Minuten\" \/>\n<script type=\"application\/ld+json\" class=\"yoast-schema-graph\">{\"@context\":\"https:\\\/\\\/schema.org\",\"@graph\":[{\"@type\":\"Article\",\"@id\":\"https:\\\/\\\/poetomat.ch\\\/Wordpress\\\/das-25-ist-meine-schuld\\\/#article\",\"isPartOf\":{\"@id\":\"https:\\\/\\\/poetomat.ch\\\/Wordpress\\\/das-25-ist-meine-schuld\\\/\"},\"author\":{\"name\":\"admin\",\"@id\":\"https:\\\/\\\/poetomat.ch\\\/Wordpress\\\/#\\\/schema\\\/person\\\/2cc02db160cec37374508657cd9d49a8\"},\"headline\":\"Das 2:5 ist meine Schuld\",\"datePublished\":\"2015-01-25T19:28:25+00:00\",\"dateModified\":\"2025-02-10T12:05:48+00:00\",\"mainEntityOfPage\":{\"@id\":\"https:\\\/\\\/poetomat.ch\\\/Wordpress\\\/das-25-ist-meine-schuld\\\/\"},\"wordCount\":413,\"commentCount\":0,\"articleSection\":[\"Uncategorized\"],\"inLanguage\":\"de\",\"potentialAction\":[{\"@type\":\"CommentAction\",\"name\":\"Comment\",\"target\":[\"https:\\\/\\\/poetomat.ch\\\/Wordpress\\\/das-25-ist-meine-schuld\\\/#respond\"]}]},{\"@type\":\"WebPage\",\"@id\":\"https:\\\/\\\/poetomat.ch\\\/Wordpress\\\/das-25-ist-meine-schuld\\\/\",\"url\":\"https:\\\/\\\/poetomat.ch\\\/Wordpress\\\/das-25-ist-meine-schuld\\\/\",\"name\":\"Das 2:5 ist meine Schuld - Stephan Moser \u2013 Journalist BR, Kolumnist (Freiburger Nachrichten &amp; Askforce), Autor\",\"isPartOf\":{\"@id\":\"https:\\\/\\\/poetomat.ch\\\/Wordpress\\\/#website\"},\"datePublished\":\"2015-01-25T19:28:25+00:00\",\"dateModified\":\"2025-02-10T12:05:48+00:00\",\"author\":{\"@id\":\"https:\\\/\\\/poetomat.ch\\\/Wordpress\\\/#\\\/schema\\\/person\\\/2cc02db160cec37374508657cd9d49a8\"},\"breadcrumb\":{\"@id\":\"https:\\\/\\\/poetomat.ch\\\/Wordpress\\\/das-25-ist-meine-schuld\\\/#breadcrumb\"},\"inLanguage\":\"de\",\"potentialAction\":[{\"@type\":\"ReadAction\",\"target\":[\"https:\\\/\\\/poetomat.ch\\\/Wordpress\\\/das-25-ist-meine-schuld\\\/\"]}]},{\"@type\":\"BreadcrumbList\",\"@id\":\"https:\\\/\\\/poetomat.ch\\\/Wordpress\\\/das-25-ist-meine-schuld\\\/#breadcrumb\",\"itemListElement\":[{\"@type\":\"ListItem\",\"position\":1,\"name\":\"Startseite\",\"item\":\"https:\\\/\\\/poetomat.ch\\\/Wordpress\\\/\"},{\"@type\":\"ListItem\",\"position\":2,\"name\":\"Das 2:5 ist meine Schuld\"}]},{\"@type\":\"WebSite\",\"@id\":\"https:\\\/\\\/poetomat.ch\\\/Wordpress\\\/#website\",\"url\":\"https:\\\/\\\/poetomat.ch\\\/Wordpress\\\/\",\"name\":\"Stephan Moser \u2013 Journalist BR, Kolumnist (Freiburger Nachrichten &amp; Askforce), Autor\",\"description\":\"Ich bin Journalist, Historiker und Autor. Ich schreibe Kolumnen f\u00fcr die \u00abFreiburger Nachrichten\u00bb und die \u00abAskforce\u00bb. Ich habe f\u00fcr die Musical- und Theaterb\u00fchne geschrieben und arbeite an der Vertonung des Dudens.\",\"potentialAction\":[{\"@type\":\"SearchAction\",\"target\":{\"@type\":\"EntryPoint\",\"urlTemplate\":\"https:\\\/\\\/poetomat.ch\\\/Wordpress\\\/?s={search_term_string}\"},\"query-input\":{\"@type\":\"PropertyValueSpecification\",\"valueRequired\":true,\"valueName\":\"search_term_string\"}}],\"inLanguage\":\"de\"},{\"@type\":\"Person\",\"@id\":\"https:\\\/\\\/poetomat.ch\\\/Wordpress\\\/#\\\/schema\\\/person\\\/2cc02db160cec37374508657cd9d49a8\",\"name\":\"admin\",\"image\":{\"@type\":\"ImageObject\",\"inLanguage\":\"de\",\"@id\":\"https:\\\/\\\/secure.gravatar.com\\\/avatar\\\/4be47fdcfcd0474bbe6a1552cfc76bc6caaa23737fb0bdd2f33684f0f4961c8e?s=96&d=mm&r=g\",\"url\":\"https:\\\/\\\/secure.gravatar.com\\\/avatar\\\/4be47fdcfcd0474bbe6a1552cfc76bc6caaa23737fb0bdd2f33684f0f4961c8e?s=96&d=mm&r=g\",\"contentUrl\":\"https:\\\/\\\/secure.gravatar.com\\\/avatar\\\/4be47fdcfcd0474bbe6a1552cfc76bc6caaa23737fb0bdd2f33684f0f4961c8e?s=96&d=mm&r=g\",\"caption\":\"admin\"},\"sameAs\":[\"https:\\\/\\\/x.com\\\/poetomat\"],\"url\":\"https:\\\/\\\/poetomat.ch\\\/Wordpress\\\/author\\\/admin\\\/\"}]}<\/script>\n<!-- \/ Yoast SEO plugin. -->","yoast_head_json":{"title":"Das 2:5 ist meine Schuld - Stephan Moser \u2013 Journalist BR, Kolumnist (Freiburger Nachrichten &amp; Askforce), Autor","robots":{"index":"index","follow":"follow","max-snippet":"max-snippet:-1","max-image-preview":"max-image-preview:large","max-video-preview":"max-video-preview:-1"},"canonical":"https:\/\/poetomat.ch\/Wordpress\/das-25-ist-meine-schuld\/","og_locale":"de_DE","og_type":"article","og_title":"Das 2:5 ist meine Schuld - Stephan Moser \u2013 Journalist BR, Kolumnist (Freiburger Nachrichten &amp; Askforce), Autor","og_description":"WM-Glosse in den Freiburger Nachrichten vom 23. Juni 2014 Ich bin schuld daran, dass die Schweiz gegen Frankreich so schm\u00e4hlich verloren hat. Nicht Benaglio. Nicht Lichtsteiner. Nicht Shaqiri. Schon gar nicht Hitzfeld. Ich ganz allein.\u00a0 Ich h\u00e4tte die Fahne aufheben sollen, dann w\u00e4re alles anders gekommen. Sie lag mitten auf der Kreuzung. Beauregard-Midi. Ein kleines &hellip; Das 2:5 ist meine Schuld weiterlesen","og_url":"https:\/\/poetomat.ch\/Wordpress\/das-25-ist-meine-schuld\/","og_site_name":"Stephan Moser \u2013 Journalist BR, Kolumnist (Freiburger Nachrichten &amp; Askforce), Autor","article_published_time":"2015-01-25T19:28:25+00:00","article_modified_time":"2025-02-10T12:05:48+00:00","author":"admin","twitter_misc":{"Verfasst von":"admin","Gesch\u00e4tzte Lesezeit":"3\u00a0Minuten"},"schema":{"@context":"https:\/\/schema.org","@graph":[{"@type":"Article","@id":"https:\/\/poetomat.ch\/Wordpress\/das-25-ist-meine-schuld\/#article","isPartOf":{"@id":"https:\/\/poetomat.ch\/Wordpress\/das-25-ist-meine-schuld\/"},"author":{"name":"admin","@id":"https:\/\/poetomat.ch\/Wordpress\/#\/schema\/person\/2cc02db160cec37374508657cd9d49a8"},"headline":"Das 2:5 ist meine Schuld","datePublished":"2015-01-25T19:28:25+00:00","dateModified":"2025-02-10T12:05:48+00:00","mainEntityOfPage":{"@id":"https:\/\/poetomat.ch\/Wordpress\/das-25-ist-meine-schuld\/"},"wordCount":413,"commentCount":0,"articleSection":["Uncategorized"],"inLanguage":"de","potentialAction":[{"@type":"CommentAction","name":"Comment","target":["https:\/\/poetomat.ch\/Wordpress\/das-25-ist-meine-schuld\/#respond"]}]},{"@type":"WebPage","@id":"https:\/\/poetomat.ch\/Wordpress\/das-25-ist-meine-schuld\/","url":"https:\/\/poetomat.ch\/Wordpress\/das-25-ist-meine-schuld\/","name":"Das 2:5 ist meine Schuld - Stephan Moser \u2013 Journalist BR, Kolumnist (Freiburger Nachrichten &amp; Askforce), Autor","isPartOf":{"@id":"https:\/\/poetomat.ch\/Wordpress\/#website"},"datePublished":"2015-01-25T19:28:25+00:00","dateModified":"2025-02-10T12:05:48+00:00","author":{"@id":"https:\/\/poetomat.ch\/Wordpress\/#\/schema\/person\/2cc02db160cec37374508657cd9d49a8"},"breadcrumb":{"@id":"https:\/\/poetomat.ch\/Wordpress\/das-25-ist-meine-schuld\/#breadcrumb"},"inLanguage":"de","potentialAction":[{"@type":"ReadAction","target":["https:\/\/poetomat.ch\/Wordpress\/das-25-ist-meine-schuld\/"]}]},{"@type":"BreadcrumbList","@id":"https:\/\/poetomat.ch\/Wordpress\/das-25-ist-meine-schuld\/#breadcrumb","itemListElement":[{"@type":"ListItem","position":1,"name":"Startseite","item":"https:\/\/poetomat.ch\/Wordpress\/"},{"@type":"ListItem","position":2,"name":"Das 2:5 ist meine Schuld"}]},{"@type":"WebSite","@id":"https:\/\/poetomat.ch\/Wordpress\/#website","url":"https:\/\/poetomat.ch\/Wordpress\/","name":"Stephan Moser \u2013 Journalist BR, Kolumnist (Freiburger Nachrichten &amp; Askforce), Autor","description":"Ich bin Journalist, Historiker und Autor. Ich schreibe Kolumnen f\u00fcr die \u00abFreiburger Nachrichten\u00bb und die \u00abAskforce\u00bb. Ich habe f\u00fcr die Musical- und Theaterb\u00fchne geschrieben und arbeite an der Vertonung des Dudens.","potentialAction":[{"@type":"SearchAction","target":{"@type":"EntryPoint","urlTemplate":"https:\/\/poetomat.ch\/Wordpress\/?s={search_term_string}"},"query-input":{"@type":"PropertyValueSpecification","valueRequired":true,"valueName":"search_term_string"}}],"inLanguage":"de"},{"@type":"Person","@id":"https:\/\/poetomat.ch\/Wordpress\/#\/schema\/person\/2cc02db160cec37374508657cd9d49a8","name":"admin","image":{"@type":"ImageObject","inLanguage":"de","@id":"https:\/\/secure.gravatar.com\/avatar\/4be47fdcfcd0474bbe6a1552cfc76bc6caaa23737fb0bdd2f33684f0f4961c8e?s=96&d=mm&r=g","url":"https:\/\/secure.gravatar.com\/avatar\/4be47fdcfcd0474bbe6a1552cfc76bc6caaa23737fb0bdd2f33684f0f4961c8e?s=96&d=mm&r=g","contentUrl":"https:\/\/secure.gravatar.com\/avatar\/4be47fdcfcd0474bbe6a1552cfc76bc6caaa23737fb0bdd2f33684f0f4961c8e?s=96&d=mm&r=g","caption":"admin"},"sameAs":["https:\/\/x.com\/poetomat"],"url":"https:\/\/poetomat.ch\/Wordpress\/author\/admin\/"}]}},"jetpack_featured_media_url":"","jetpack_sharing_enabled":true,"jetpack_shortlink":"https:\/\/wp.me\/p5IsBv-u","_links":{"self":[{"href":"https:\/\/poetomat.ch\/Wordpress\/wp-json\/wp\/v2\/posts\/30","targetHints":{"allow":["GET"]}}],"collection":[{"href":"https:\/\/poetomat.ch\/Wordpress\/wp-json\/wp\/v2\/posts"}],"about":[{"href":"https:\/\/poetomat.ch\/Wordpress\/wp-json\/wp\/v2\/types\/post"}],"author":[{"embeddable":true,"href":"https:\/\/poetomat.ch\/Wordpress\/wp-json\/wp\/v2\/users\/2"}],"replies":[{"embeddable":true,"href":"https:\/\/poetomat.ch\/Wordpress\/wp-json\/wp\/v2\/comments?post=30"}],"version-history":[{"count":4,"href":"https:\/\/poetomat.ch\/Wordpress\/wp-json\/wp\/v2\/posts\/30\/revisions"}],"predecessor-version":[{"id":1510,"href":"https:\/\/poetomat.ch\/Wordpress\/wp-json\/wp\/v2\/posts\/30\/revisions\/1510"}],"wp:attachment":[{"href":"https:\/\/poetomat.ch\/Wordpress\/wp-json\/wp\/v2\/media?parent=30"}],"wp:term":[{"taxonomy":"category","embeddable":true,"href":"https:\/\/poetomat.ch\/Wordpress\/wp-json\/wp\/v2\/categories?post=30"},{"taxonomy":"post_tag","embeddable":true,"href":"https:\/\/poetomat.ch\/Wordpress\/wp-json\/wp\/v2\/tags?post=30"}],"curies":[{"name":"wp","href":"https:\/\/api.w.org\/{rel}","templated":true}]}}