{"id":28,"date":"2015-01-25T19:27:09","date_gmt":"2015-01-25T19:27:09","guid":{"rendered":"http:\/\/poetomat.ch\/Wordpress\/?p=28"},"modified":"2025-02-10T19:44:31","modified_gmt":"2025-02-10T18:44:31","slug":"fuer-immer-himmelblau","status":"publish","type":"post","link":"https:\/\/poetomat.ch\/Wordpress\/fuer-immer-himmelblau\/","title":{"rendered":"F\u00fcr immer himmelblau"},"content":{"rendered":"<p><strong>WM-Glosse in den Freiburger Nachrichten vom 21. Juni 2014<\/strong><\/p>\n<p>Mein Herz schl\u00e4gt h\u00f6her beim Treppensteigen, nicht beim Fussballgucken. Aber als Luis Su\u00e1rez Uruguay zum 2:1-Sieg gegen England schoss, da h\u00fcpfte mein Herz f\u00fcr einen kurzen Moment wie der Brazuca auf dem brasilianischen Rasen. Ich bin kein Fan, aber der uruguayischen Nationalelf bin ich etwas schuldig.<\/p>\n<div id=\"storyElement-3\" class=\"embeddedCode storyElements ng-star-inserted\">\n<div class=\"embeddedCodeContainer ng-star-inserted\">\n<div>\n<div>\n<div data-io-article-url=\"https:\/\/www.freiburger-nachrichten.ch\/fur-immer-himmelblau\/\">\n<p>Das kam so. 1986 kickten Uruguay und 23 andere Teams in Mexiko um den Weltmeistertitel. Ich war neun Jahre alt damals, und auf dem Pausenplatz unserer kleinen Primarschule im Luzernischen grassierte das Panini-Fieber. Alle anderen hatten dicke Stapel der farbigen Fussballer-Helden, vor und nach der Schule wurde heftig getauscht und gefachsimpelt. Nur ich stand abseits. Denn ich hatte keine Panini-Bildli (Sackgeld knapp, die Eltern Fussball-Abstinenzler, ich uncool) und schon gar keine Ahnung von Fussball. (Erst Jahre sp\u00e4ter kapierte ich, wieso meine Schulkameraden \u00abHenz!\u00bb br\u00fcllten, wenn beim Tschutten jemand den Ball mit den H\u00e4nden ber\u00fchrte.)<\/p>\n<p>Irgendwann erbarmten sich meine Gsp\u00e4ndli meiner und schenkten mir jene Kleber, die als Tauschobjekte keinen Wert hatten \u2013 und das waren die Tsch\u00fctteler aus Uruguay. Ob Panini aus Versehen zu viele davon gedruckt hatte oder ob die S\u00fcdamerikaner bei Luzerner Landeiern einfach nicht beliebt waren, weiss ich bis heute nicht. Jedenfalls hatte ich nach und nach die gesamte uruguayische Mannschaft zusammen, auch das Mannschaftsbild und sogar das Wappen. Ich glaube mich noch heute an dessen silbriges Schimmern zu erinnern. Und an das wohlige Gef\u00fchl, dazuzugeh\u00f6ren.<\/p>\n<p>Dann ging die WM zu Ende, Uruguay war in den Achtelfinals ausgeschieden, die Sommerferien kamen und die klebrigen Uruguayer landeten irgendwann im Abfall. Trotzdem habe ich nie vergessen, was sie 1986 f\u00fcr mich getan haben. Darum: \u00abSoy celeste!\u00bb Ich bin himmelblau, wie die uruguayischen Fans singen. Himmelblau f\u00fcr immer.<\/p>\n<\/div>\n<\/div>\n<\/div>\n<\/div>\n<\/div>\n","protected":false},"excerpt":{"rendered":"<p>WM-Glosse in den Freiburger Nachrichten vom 21. Juni 2014 Mein Herz schl\u00e4gt h\u00f6her beim Treppensteigen, nicht beim Fussballgucken. Aber als Luis Su\u00e1rez Uruguay zum 2:1-Sieg gegen England schoss, da h\u00fcpfte mein Herz f\u00fcr einen kurzen Moment wie der Brazuca auf dem brasilianischen Rasen. Ich bin kein Fan, aber der uruguayischen Nationalelf bin ich etwas schuldig. &hellip; <a href=\"https:\/\/poetomat.ch\/Wordpress\/fuer-immer-himmelblau\/\" class=\"more-link\"><span class=\"screen-reader-text\">F\u00fcr immer himmelblau<\/span> weiterlesen<\/a><\/p>\n","protected":false},"author":2,"featured_media":0,"comment_status":"open","ping_status":"closed","sticky":false,"template":"","format":"standard","meta":{"jetpack_post_was_ever_published":false,"_jetpack_newsletter_access":"","_jetpack_dont_email_post_to_subs":false,"_jetpack_newsletter_tier_id":0,"_jetpack_memberships_contains_paywalled_content":false,"_jetpack_memberships_contains_paid_content":false,"footnotes":""},"categories":[1],"tags":[],"class_list":["post-28","post","type-post","status-publish","format-standard","hentry","category-uncategorized"],"yoast_head":"<!-- This site is optimized with the Yoast SEO plugin v27.4 - https:\/\/yoast.com\/product\/yoast-seo-wordpress\/ -->\n<title>F\u00fcr immer himmelblau - Stephan Moser \u2013 Journalist BR, Kolumnist (Freiburger Nachrichten &amp; Askforce), Autor<\/title>\n<meta name=\"robots\" content=\"index, follow, max-snippet:-1, max-image-preview:large, max-video-preview:-1\" \/>\n<link rel=\"canonical\" href=\"https:\/\/poetomat.ch\/Wordpress\/fuer-immer-himmelblau\/\" \/>\n<meta property=\"og:locale\" content=\"de_DE\" \/>\n<meta property=\"og:type\" content=\"article\" \/>\n<meta property=\"og:title\" content=\"F\u00fcr immer himmelblau - Stephan Moser \u2013 Journalist BR, Kolumnist (Freiburger Nachrichten &amp; Askforce), Autor\" \/>\n<meta property=\"og:description\" content=\"WM-Glosse in den Freiburger Nachrichten vom 21. Juni 2014 Mein Herz schl\u00e4gt h\u00f6her beim Treppensteigen, nicht beim Fussballgucken. Aber als Luis Su\u00e1rez Uruguay zum 2:1-Sieg gegen England schoss, da h\u00fcpfte mein Herz f\u00fcr einen kurzen Moment wie der Brazuca auf dem brasilianischen Rasen. Ich bin kein Fan, aber der uruguayischen Nationalelf bin ich etwas schuldig. &hellip; F\u00fcr immer himmelblau weiterlesen\" \/>\n<meta property=\"og:url\" content=\"https:\/\/poetomat.ch\/Wordpress\/fuer-immer-himmelblau\/\" \/>\n<meta property=\"og:site_name\" content=\"Stephan Moser \u2013 Journalist BR, Kolumnist (Freiburger Nachrichten &amp; Askforce), Autor\" \/>\n<meta property=\"article:published_time\" content=\"2015-01-25T19:27:09+00:00\" \/>\n<meta property=\"article:modified_time\" content=\"2025-02-10T18:44:31+00:00\" \/>\n<meta name=\"author\" content=\"admin\" \/>\n<meta name=\"twitter:label1\" content=\"Verfasst von\" \/>\n\t<meta name=\"twitter:data1\" content=\"admin\" \/>\n\t<meta name=\"twitter:label2\" content=\"Gesch\u00e4tzte Lesezeit\" \/>\n\t<meta name=\"twitter:data2\" content=\"2\u00a0Minuten\" \/>\n<script type=\"application\/ld+json\" class=\"yoast-schema-graph\">{\"@context\":\"https:\\\/\\\/schema.org\",\"@graph\":[{\"@type\":\"Article\",\"@id\":\"https:\\\/\\\/poetomat.ch\\\/Wordpress\\\/fuer-immer-himmelblau\\\/#article\",\"isPartOf\":{\"@id\":\"https:\\\/\\\/poetomat.ch\\\/Wordpress\\\/fuer-immer-himmelblau\\\/\"},\"author\":{\"name\":\"admin\",\"@id\":\"https:\\\/\\\/poetomat.ch\\\/Wordpress\\\/#\\\/schema\\\/person\\\/2cc02db160cec37374508657cd9d49a8\"},\"headline\":\"F\u00fcr immer himmelblau\",\"datePublished\":\"2015-01-25T19:27:09+00:00\",\"dateModified\":\"2025-02-10T18:44:31+00:00\",\"mainEntityOfPage\":{\"@id\":\"https:\\\/\\\/poetomat.ch\\\/Wordpress\\\/fuer-immer-himmelblau\\\/\"},\"wordCount\":297,\"commentCount\":0,\"articleSection\":[\"Uncategorized\"],\"inLanguage\":\"de\",\"potentialAction\":[{\"@type\":\"CommentAction\",\"name\":\"Comment\",\"target\":[\"https:\\\/\\\/poetomat.ch\\\/Wordpress\\\/fuer-immer-himmelblau\\\/#respond\"]}]},{\"@type\":\"WebPage\",\"@id\":\"https:\\\/\\\/poetomat.ch\\\/Wordpress\\\/fuer-immer-himmelblau\\\/\",\"url\":\"https:\\\/\\\/poetomat.ch\\\/Wordpress\\\/fuer-immer-himmelblau\\\/\",\"name\":\"F\u00fcr immer himmelblau - Stephan Moser \u2013 Journalist BR, Kolumnist (Freiburger Nachrichten &amp; Askforce), Autor\",\"isPartOf\":{\"@id\":\"https:\\\/\\\/poetomat.ch\\\/Wordpress\\\/#website\"},\"datePublished\":\"2015-01-25T19:27:09+00:00\",\"dateModified\":\"2025-02-10T18:44:31+00:00\",\"author\":{\"@id\":\"https:\\\/\\\/poetomat.ch\\\/Wordpress\\\/#\\\/schema\\\/person\\\/2cc02db160cec37374508657cd9d49a8\"},\"breadcrumb\":{\"@id\":\"https:\\\/\\\/poetomat.ch\\\/Wordpress\\\/fuer-immer-himmelblau\\\/#breadcrumb\"},\"inLanguage\":\"de\",\"potentialAction\":[{\"@type\":\"ReadAction\",\"target\":[\"https:\\\/\\\/poetomat.ch\\\/Wordpress\\\/fuer-immer-himmelblau\\\/\"]}]},{\"@type\":\"BreadcrumbList\",\"@id\":\"https:\\\/\\\/poetomat.ch\\\/Wordpress\\\/fuer-immer-himmelblau\\\/#breadcrumb\",\"itemListElement\":[{\"@type\":\"ListItem\",\"position\":1,\"name\":\"Startseite\",\"item\":\"https:\\\/\\\/poetomat.ch\\\/Wordpress\\\/\"},{\"@type\":\"ListItem\",\"position\":2,\"name\":\"F\u00fcr immer himmelblau\"}]},{\"@type\":\"WebSite\",\"@id\":\"https:\\\/\\\/poetomat.ch\\\/Wordpress\\\/#website\",\"url\":\"https:\\\/\\\/poetomat.ch\\\/Wordpress\\\/\",\"name\":\"Stephan Moser \u2013 Journalist BR, Kolumnist (Freiburger Nachrichten &amp; Askforce), Autor\",\"description\":\"Ich bin Journalist, Historiker und Autor. Ich schreibe Kolumnen f\u00fcr die \u00abFreiburger Nachrichten\u00bb und die \u00abAskforce\u00bb. Ich habe f\u00fcr die Musical- und Theaterb\u00fchne geschrieben und arbeite an der Vertonung des Dudens.\",\"potentialAction\":[{\"@type\":\"SearchAction\",\"target\":{\"@type\":\"EntryPoint\",\"urlTemplate\":\"https:\\\/\\\/poetomat.ch\\\/Wordpress\\\/?s={search_term_string}\"},\"query-input\":{\"@type\":\"PropertyValueSpecification\",\"valueRequired\":true,\"valueName\":\"search_term_string\"}}],\"inLanguage\":\"de\"},{\"@type\":\"Person\",\"@id\":\"https:\\\/\\\/poetomat.ch\\\/Wordpress\\\/#\\\/schema\\\/person\\\/2cc02db160cec37374508657cd9d49a8\",\"name\":\"admin\",\"image\":{\"@type\":\"ImageObject\",\"inLanguage\":\"de\",\"@id\":\"https:\\\/\\\/secure.gravatar.com\\\/avatar\\\/4be47fdcfcd0474bbe6a1552cfc76bc6caaa23737fb0bdd2f33684f0f4961c8e?s=96&d=mm&r=g\",\"url\":\"https:\\\/\\\/secure.gravatar.com\\\/avatar\\\/4be47fdcfcd0474bbe6a1552cfc76bc6caaa23737fb0bdd2f33684f0f4961c8e?s=96&d=mm&r=g\",\"contentUrl\":\"https:\\\/\\\/secure.gravatar.com\\\/avatar\\\/4be47fdcfcd0474bbe6a1552cfc76bc6caaa23737fb0bdd2f33684f0f4961c8e?s=96&d=mm&r=g\",\"caption\":\"admin\"},\"sameAs\":[\"https:\\\/\\\/x.com\\\/poetomat\"],\"url\":\"https:\\\/\\\/poetomat.ch\\\/Wordpress\\\/author\\\/admin\\\/\"}]}<\/script>\n<!-- \/ Yoast SEO plugin. -->","yoast_head_json":{"title":"F\u00fcr immer himmelblau - Stephan Moser \u2013 Journalist BR, Kolumnist (Freiburger Nachrichten &amp; Askforce), Autor","robots":{"index":"index","follow":"follow","max-snippet":"max-snippet:-1","max-image-preview":"max-image-preview:large","max-video-preview":"max-video-preview:-1"},"canonical":"https:\/\/poetomat.ch\/Wordpress\/fuer-immer-himmelblau\/","og_locale":"de_DE","og_type":"article","og_title":"F\u00fcr immer himmelblau - Stephan Moser \u2013 Journalist BR, Kolumnist (Freiburger Nachrichten &amp; Askforce), Autor","og_description":"WM-Glosse in den Freiburger Nachrichten vom 21. Juni 2014 Mein Herz schl\u00e4gt h\u00f6her beim Treppensteigen, nicht beim Fussballgucken. Aber als Luis Su\u00e1rez Uruguay zum 2:1-Sieg gegen England schoss, da h\u00fcpfte mein Herz f\u00fcr einen kurzen Moment wie der Brazuca auf dem brasilianischen Rasen. Ich bin kein Fan, aber der uruguayischen Nationalelf bin ich etwas schuldig. &hellip; F\u00fcr immer himmelblau weiterlesen","og_url":"https:\/\/poetomat.ch\/Wordpress\/fuer-immer-himmelblau\/","og_site_name":"Stephan Moser \u2013 Journalist BR, Kolumnist (Freiburger Nachrichten &amp; Askforce), Autor","article_published_time":"2015-01-25T19:27:09+00:00","article_modified_time":"2025-02-10T18:44:31+00:00","author":"admin","twitter_misc":{"Verfasst von":"admin","Gesch\u00e4tzte Lesezeit":"2\u00a0Minuten"},"schema":{"@context":"https:\/\/schema.org","@graph":[{"@type":"Article","@id":"https:\/\/poetomat.ch\/Wordpress\/fuer-immer-himmelblau\/#article","isPartOf":{"@id":"https:\/\/poetomat.ch\/Wordpress\/fuer-immer-himmelblau\/"},"author":{"name":"admin","@id":"https:\/\/poetomat.ch\/Wordpress\/#\/schema\/person\/2cc02db160cec37374508657cd9d49a8"},"headline":"F\u00fcr immer himmelblau","datePublished":"2015-01-25T19:27:09+00:00","dateModified":"2025-02-10T18:44:31+00:00","mainEntityOfPage":{"@id":"https:\/\/poetomat.ch\/Wordpress\/fuer-immer-himmelblau\/"},"wordCount":297,"commentCount":0,"articleSection":["Uncategorized"],"inLanguage":"de","potentialAction":[{"@type":"CommentAction","name":"Comment","target":["https:\/\/poetomat.ch\/Wordpress\/fuer-immer-himmelblau\/#respond"]}]},{"@type":"WebPage","@id":"https:\/\/poetomat.ch\/Wordpress\/fuer-immer-himmelblau\/","url":"https:\/\/poetomat.ch\/Wordpress\/fuer-immer-himmelblau\/","name":"F\u00fcr immer himmelblau - Stephan Moser \u2013 Journalist BR, Kolumnist (Freiburger Nachrichten &amp; Askforce), Autor","isPartOf":{"@id":"https:\/\/poetomat.ch\/Wordpress\/#website"},"datePublished":"2015-01-25T19:27:09+00:00","dateModified":"2025-02-10T18:44:31+00:00","author":{"@id":"https:\/\/poetomat.ch\/Wordpress\/#\/schema\/person\/2cc02db160cec37374508657cd9d49a8"},"breadcrumb":{"@id":"https:\/\/poetomat.ch\/Wordpress\/fuer-immer-himmelblau\/#breadcrumb"},"inLanguage":"de","potentialAction":[{"@type":"ReadAction","target":["https:\/\/poetomat.ch\/Wordpress\/fuer-immer-himmelblau\/"]}]},{"@type":"BreadcrumbList","@id":"https:\/\/poetomat.ch\/Wordpress\/fuer-immer-himmelblau\/#breadcrumb","itemListElement":[{"@type":"ListItem","position":1,"name":"Startseite","item":"https:\/\/poetomat.ch\/Wordpress\/"},{"@type":"ListItem","position":2,"name":"F\u00fcr immer himmelblau"}]},{"@type":"WebSite","@id":"https:\/\/poetomat.ch\/Wordpress\/#website","url":"https:\/\/poetomat.ch\/Wordpress\/","name":"Stephan Moser \u2013 Journalist BR, Kolumnist (Freiburger Nachrichten &amp; Askforce), Autor","description":"Ich bin Journalist, Historiker und Autor. Ich schreibe Kolumnen f\u00fcr die \u00abFreiburger Nachrichten\u00bb und die \u00abAskforce\u00bb. Ich habe f\u00fcr die Musical- und Theaterb\u00fchne geschrieben und arbeite an der Vertonung des Dudens.","potentialAction":[{"@type":"SearchAction","target":{"@type":"EntryPoint","urlTemplate":"https:\/\/poetomat.ch\/Wordpress\/?s={search_term_string}"},"query-input":{"@type":"PropertyValueSpecification","valueRequired":true,"valueName":"search_term_string"}}],"inLanguage":"de"},{"@type":"Person","@id":"https:\/\/poetomat.ch\/Wordpress\/#\/schema\/person\/2cc02db160cec37374508657cd9d49a8","name":"admin","image":{"@type":"ImageObject","inLanguage":"de","@id":"https:\/\/secure.gravatar.com\/avatar\/4be47fdcfcd0474bbe6a1552cfc76bc6caaa23737fb0bdd2f33684f0f4961c8e?s=96&d=mm&r=g","url":"https:\/\/secure.gravatar.com\/avatar\/4be47fdcfcd0474bbe6a1552cfc76bc6caaa23737fb0bdd2f33684f0f4961c8e?s=96&d=mm&r=g","contentUrl":"https:\/\/secure.gravatar.com\/avatar\/4be47fdcfcd0474bbe6a1552cfc76bc6caaa23737fb0bdd2f33684f0f4961c8e?s=96&d=mm&r=g","caption":"admin"},"sameAs":["https:\/\/x.com\/poetomat"],"url":"https:\/\/poetomat.ch\/Wordpress\/author\/admin\/"}]}},"jetpack_featured_media_url":"","jetpack_sharing_enabled":true,"jetpack_shortlink":"https:\/\/wp.me\/p5IsBv-s","_links":{"self":[{"href":"https:\/\/poetomat.ch\/Wordpress\/wp-json\/wp\/v2\/posts\/28","targetHints":{"allow":["GET"]}}],"collection":[{"href":"https:\/\/poetomat.ch\/Wordpress\/wp-json\/wp\/v2\/posts"}],"about":[{"href":"https:\/\/poetomat.ch\/Wordpress\/wp-json\/wp\/v2\/types\/post"}],"author":[{"embeddable":true,"href":"https:\/\/poetomat.ch\/Wordpress\/wp-json\/wp\/v2\/users\/2"}],"replies":[{"embeddable":true,"href":"https:\/\/poetomat.ch\/Wordpress\/wp-json\/wp\/v2\/comments?post=28"}],"version-history":[{"count":4,"href":"https:\/\/poetomat.ch\/Wordpress\/wp-json\/wp\/v2\/posts\/28\/revisions"}],"predecessor-version":[{"id":1664,"href":"https:\/\/poetomat.ch\/Wordpress\/wp-json\/wp\/v2\/posts\/28\/revisions\/1664"}],"wp:attachment":[{"href":"https:\/\/poetomat.ch\/Wordpress\/wp-json\/wp\/v2\/media?parent=28"}],"wp:term":[{"taxonomy":"category","embeddable":true,"href":"https:\/\/poetomat.ch\/Wordpress\/wp-json\/wp\/v2\/categories?post=28"},{"taxonomy":"post_tag","embeddable":true,"href":"https:\/\/poetomat.ch\/Wordpress\/wp-json\/wp\/v2\/tags?post=28"}],"curies":[{"name":"wp","href":"https:\/\/api.w.org\/{rel}","templated":true}]}}