{"id":26,"date":"2015-01-25T19:25:18","date_gmt":"2015-01-25T19:25:18","guid":{"rendered":"http:\/\/poetomat.ch\/Wordpress\/?p=26"},"modified":"2025-02-10T19:45:25","modified_gmt":"2025-02-10T18:45:25","slug":"ein-fussballsommermaerchen","status":"publish","type":"post","link":"https:\/\/poetomat.ch\/Wordpress\/ein-fussballsommermaerchen\/","title":{"rendered":"Ein Fussballsommerm\u00e4rchen"},"content":{"rendered":"<p><strong>WM-Glosse in den Freiburger Nachrichten vom 12. Juni 2014<\/strong><\/p>\n<p>Wahrscheinlich waren es die gegrillten H\u00fchnerherzen vom brasilianischen Buffet. Vielleicht hatte ich auch einen oder zwei Caipirinhas zu viel geschl\u00fcrft. Jedenfalls hatte ich einen seltsamen Traum. Seltsam, aber sehr sch\u00f6n. Ein wahres Fussballsommerm\u00e4rchen.<\/p>\n<p>Die Fifa hatte die WM-Stadien und Fanmeilen kurzerhand zu sponsorfreien Zonen erkl\u00e4rt. In die L\u00fccke sprangen die lokalen fliegenden H\u00e4ndler, die das Gesch\u00e4ft ihres Lebens machten und sich nach der WM zur Ruhe setzen konnten. Die N\u00e4herinnen in den Textilfabriken erhielten f\u00fcr jedes gefertigte Fussball-Shirt die H\u00e4lfte des Schweizer Ladenpreises und eigneten sich in einer unfreundlichen \u00dcbernahme Adidas und Puma an.<\/p>\n<p>Sepp Blatter nahm den Fifa-Slogan \u00abFor the Game. For the World\u00bb endlich ernst und entmachtete sich in einem letzten diktatorischen Akt selbst. In seinem eigent\u00fcmlichen Englisch erkl\u00e4rte der Ex-Fifa-Pr\u00e4sident, fortan nur noch den Rasen am Fifa-Hauptsitz zu m\u00e4hen und seinen Mindestlohn ordentlich zu versteuern.<\/p>\n<p>Und nat\u00fcrlich hatten sich die Schweizer Tsch\u00fctteler ins Final gekickt. Als es nach der Verl\u00e4ngerung gegen den Iran immer noch 10:10 unentschieden stand, beschloss der isl\u00e4ndische Schiedsrichter in einem wahnwitzigen Anflug von \u00dcbermut \u2013 er selber sagte sp\u00e4ter, Gott h\u00e4tte seine Hand im Spiel gehabt \u2013, dass der Weltmeister f\u00fcr einmal nicht im Penalty-Schiessen, sondern im Sambatanzen erkoren w\u00fcrde. Vom Rasenm\u00e4her aus gab Blatter seinen Segen, um den ihn niemand gebeten hatte. Zum Erstaunen aller protestierten die Iraner nicht, sondern legten eine heisse Show hin, wurden aber allesamt vom mitreissenden H\u00fcftschwung des Schweizer Ersatzgoalies vom Platz gefegt, der deswegen als Yann \u00abSambaf\u00fcdli\u00bb Sommer in die Fussball-Annalen einging.<\/p>\n<p>Trainer Ottmar Hitzfeld weinte heisse Freudentr\u00e4nen und verk\u00fcndete, einen sch\u00f6neren Abschied k\u00f6nne es f\u00fcr ihn nicht geben. Sein R\u00fcckflugticket verschenkte er an ein fussballversessenes M\u00e4dchen aus den Favelas. Den verbl\u00fcfften Journalisten verk\u00fcndete er, er werde sich k\u00fcnftig um den Schutz des bedrohten \u00abTatu-bola\u00bb-G\u00fcrteltiers k\u00fcmmern, damit das WM-Maskottchen nicht nur als Pl\u00fcschtier \u00fcberleben werde.<\/p>\n<p>Sportminister Ueli Maurer verlor im Laufe der feucht-fr\u00f6hlichen Siegesfeier erst seinen Pass, dann alle Hemmungen und letztlich das Bewusstsein. Drei Tage sp\u00e4ter klopfte er leicht bekleidet, aber gut gelaunt an die T\u00fcr des belgischen Konsulats in Rio und verlangte politisches Asyl in der EU.<\/p>\n<p>Kurz, alles war perfekt. Bis mich der einsame Torjubel meines deutschen Nachbarn aus meinem s\u00fcssen Traum riss. Ich rieb mir die Augen und wusste, dass alles war wie immer: Der Ball ist rund, ein Spiel dauert 90 Minuten und am Schluss gewinnt die Fifa.<\/p>\n","protected":false},"excerpt":{"rendered":"<p>WM-Glosse in den Freiburger Nachrichten vom 12. Juni 2014 Wahrscheinlich waren es die gegrillten H\u00fchnerherzen vom brasilianischen Buffet. Vielleicht hatte ich auch einen oder zwei Caipirinhas zu viel geschl\u00fcrft. Jedenfalls hatte ich einen seltsamen Traum. Seltsam, aber sehr sch\u00f6n. Ein wahres Fussballsommerm\u00e4rchen. Die Fifa hatte die WM-Stadien und Fanmeilen kurzerhand zu sponsorfreien Zonen erkl\u00e4rt. In &hellip; <a href=\"https:\/\/poetomat.ch\/Wordpress\/ein-fussballsommermaerchen\/\" class=\"more-link\"><span class=\"screen-reader-text\">Ein Fussballsommerm\u00e4rchen<\/span> weiterlesen<\/a><\/p>\n","protected":false},"author":2,"featured_media":0,"comment_status":"open","ping_status":"closed","sticky":false,"template":"","format":"standard","meta":{"jetpack_post_was_ever_published":false,"_jetpack_newsletter_access":"","_jetpack_dont_email_post_to_subs":false,"_jetpack_newsletter_tier_id":0,"_jetpack_memberships_contains_paywalled_content":false,"_jetpack_memberships_contains_paid_content":false,"footnotes":""},"categories":[1],"tags":[],"class_list":["post-26","post","type-post","status-publish","format-standard","hentry","category-uncategorized"],"yoast_head":"<!-- This site is optimized with the Yoast SEO plugin v27.4 - https:\/\/yoast.com\/product\/yoast-seo-wordpress\/ -->\n<title>Ein Fussballsommerm\u00e4rchen - Stephan Moser \u2013 Journalist BR, Kolumnist (Freiburger Nachrichten &amp; Askforce), Autor<\/title>\n<meta name=\"robots\" content=\"index, follow, max-snippet:-1, max-image-preview:large, max-video-preview:-1\" \/>\n<link rel=\"canonical\" href=\"https:\/\/poetomat.ch\/Wordpress\/ein-fussballsommermaerchen\/\" \/>\n<meta property=\"og:locale\" content=\"de_DE\" \/>\n<meta property=\"og:type\" content=\"article\" \/>\n<meta property=\"og:title\" content=\"Ein Fussballsommerm\u00e4rchen - Stephan Moser \u2013 Journalist BR, Kolumnist (Freiburger Nachrichten &amp; Askforce), Autor\" \/>\n<meta property=\"og:description\" content=\"WM-Glosse in den Freiburger Nachrichten vom 12. Juni 2014 Wahrscheinlich waren es die gegrillten H\u00fchnerherzen vom brasilianischen Buffet. Vielleicht hatte ich auch einen oder zwei Caipirinhas zu viel geschl\u00fcrft. Jedenfalls hatte ich einen seltsamen Traum. Seltsam, aber sehr sch\u00f6n. Ein wahres Fussballsommerm\u00e4rchen. Die Fifa hatte die WM-Stadien und Fanmeilen kurzerhand zu sponsorfreien Zonen erkl\u00e4rt. In &hellip; Ein Fussballsommerm\u00e4rchen weiterlesen\" \/>\n<meta property=\"og:url\" content=\"https:\/\/poetomat.ch\/Wordpress\/ein-fussballsommermaerchen\/\" \/>\n<meta property=\"og:site_name\" content=\"Stephan Moser \u2013 Journalist BR, Kolumnist (Freiburger Nachrichten &amp; Askforce), Autor\" \/>\n<meta property=\"article:published_time\" content=\"2015-01-25T19:25:18+00:00\" \/>\n<meta property=\"article:modified_time\" content=\"2025-02-10T18:45:25+00:00\" \/>\n<meta name=\"author\" content=\"admin\" \/>\n<meta name=\"twitter:label1\" content=\"Verfasst von\" \/>\n\t<meta name=\"twitter:data1\" content=\"admin\" \/>\n\t<meta name=\"twitter:label2\" content=\"Gesch\u00e4tzte Lesezeit\" \/>\n\t<meta name=\"twitter:data2\" content=\"3\u00a0Minuten\" \/>\n<script type=\"application\/ld+json\" class=\"yoast-schema-graph\">{\"@context\":\"https:\\\/\\\/schema.org\",\"@graph\":[{\"@type\":\"Article\",\"@id\":\"https:\\\/\\\/poetomat.ch\\\/Wordpress\\\/ein-fussballsommermaerchen\\\/#article\",\"isPartOf\":{\"@id\":\"https:\\\/\\\/poetomat.ch\\\/Wordpress\\\/ein-fussballsommermaerchen\\\/\"},\"author\":{\"name\":\"admin\",\"@id\":\"https:\\\/\\\/poetomat.ch\\\/Wordpress\\\/#\\\/schema\\\/person\\\/2cc02db160cec37374508657cd9d49a8\"},\"headline\":\"Ein Fussballsommerm\u00e4rchen\",\"datePublished\":\"2015-01-25T19:25:18+00:00\",\"dateModified\":\"2025-02-10T18:45:25+00:00\",\"mainEntityOfPage\":{\"@id\":\"https:\\\/\\\/poetomat.ch\\\/Wordpress\\\/ein-fussballsommermaerchen\\\/\"},\"wordCount\":436,\"commentCount\":0,\"articleSection\":[\"Uncategorized\"],\"inLanguage\":\"de\",\"potentialAction\":[{\"@type\":\"CommentAction\",\"name\":\"Comment\",\"target\":[\"https:\\\/\\\/poetomat.ch\\\/Wordpress\\\/ein-fussballsommermaerchen\\\/#respond\"]}]},{\"@type\":\"WebPage\",\"@id\":\"https:\\\/\\\/poetomat.ch\\\/Wordpress\\\/ein-fussballsommermaerchen\\\/\",\"url\":\"https:\\\/\\\/poetomat.ch\\\/Wordpress\\\/ein-fussballsommermaerchen\\\/\",\"name\":\"Ein Fussballsommerm\u00e4rchen - Stephan Moser \u2013 Journalist BR, Kolumnist (Freiburger Nachrichten &amp; Askforce), Autor\",\"isPartOf\":{\"@id\":\"https:\\\/\\\/poetomat.ch\\\/Wordpress\\\/#website\"},\"datePublished\":\"2015-01-25T19:25:18+00:00\",\"dateModified\":\"2025-02-10T18:45:25+00:00\",\"author\":{\"@id\":\"https:\\\/\\\/poetomat.ch\\\/Wordpress\\\/#\\\/schema\\\/person\\\/2cc02db160cec37374508657cd9d49a8\"},\"breadcrumb\":{\"@id\":\"https:\\\/\\\/poetomat.ch\\\/Wordpress\\\/ein-fussballsommermaerchen\\\/#breadcrumb\"},\"inLanguage\":\"de\",\"potentialAction\":[{\"@type\":\"ReadAction\",\"target\":[\"https:\\\/\\\/poetomat.ch\\\/Wordpress\\\/ein-fussballsommermaerchen\\\/\"]}]},{\"@type\":\"BreadcrumbList\",\"@id\":\"https:\\\/\\\/poetomat.ch\\\/Wordpress\\\/ein-fussballsommermaerchen\\\/#breadcrumb\",\"itemListElement\":[{\"@type\":\"ListItem\",\"position\":1,\"name\":\"Startseite\",\"item\":\"https:\\\/\\\/poetomat.ch\\\/Wordpress\\\/\"},{\"@type\":\"ListItem\",\"position\":2,\"name\":\"Ein Fussballsommerm\u00e4rchen\"}]},{\"@type\":\"WebSite\",\"@id\":\"https:\\\/\\\/poetomat.ch\\\/Wordpress\\\/#website\",\"url\":\"https:\\\/\\\/poetomat.ch\\\/Wordpress\\\/\",\"name\":\"Stephan Moser \u2013 Journalist BR, Kolumnist (Freiburger Nachrichten &amp; Askforce), Autor\",\"description\":\"Ich bin Journalist, Historiker und Autor. Ich schreibe Kolumnen f\u00fcr die \u00abFreiburger Nachrichten\u00bb und die \u00abAskforce\u00bb. Ich habe f\u00fcr die Musical- und Theaterb\u00fchne geschrieben und arbeite an der Vertonung des Dudens.\",\"potentialAction\":[{\"@type\":\"SearchAction\",\"target\":{\"@type\":\"EntryPoint\",\"urlTemplate\":\"https:\\\/\\\/poetomat.ch\\\/Wordpress\\\/?s={search_term_string}\"},\"query-input\":{\"@type\":\"PropertyValueSpecification\",\"valueRequired\":true,\"valueName\":\"search_term_string\"}}],\"inLanguage\":\"de\"},{\"@type\":\"Person\",\"@id\":\"https:\\\/\\\/poetomat.ch\\\/Wordpress\\\/#\\\/schema\\\/person\\\/2cc02db160cec37374508657cd9d49a8\",\"name\":\"admin\",\"image\":{\"@type\":\"ImageObject\",\"inLanguage\":\"de\",\"@id\":\"https:\\\/\\\/secure.gravatar.com\\\/avatar\\\/4be47fdcfcd0474bbe6a1552cfc76bc6caaa23737fb0bdd2f33684f0f4961c8e?s=96&d=mm&r=g\",\"url\":\"https:\\\/\\\/secure.gravatar.com\\\/avatar\\\/4be47fdcfcd0474bbe6a1552cfc76bc6caaa23737fb0bdd2f33684f0f4961c8e?s=96&d=mm&r=g\",\"contentUrl\":\"https:\\\/\\\/secure.gravatar.com\\\/avatar\\\/4be47fdcfcd0474bbe6a1552cfc76bc6caaa23737fb0bdd2f33684f0f4961c8e?s=96&d=mm&r=g\",\"caption\":\"admin\"},\"sameAs\":[\"https:\\\/\\\/x.com\\\/poetomat\"],\"url\":\"https:\\\/\\\/poetomat.ch\\\/Wordpress\\\/author\\\/admin\\\/\"}]}<\/script>\n<!-- \/ Yoast SEO plugin. -->","yoast_head_json":{"title":"Ein Fussballsommerm\u00e4rchen - Stephan Moser \u2013 Journalist BR, Kolumnist (Freiburger Nachrichten &amp; Askforce), Autor","robots":{"index":"index","follow":"follow","max-snippet":"max-snippet:-1","max-image-preview":"max-image-preview:large","max-video-preview":"max-video-preview:-1"},"canonical":"https:\/\/poetomat.ch\/Wordpress\/ein-fussballsommermaerchen\/","og_locale":"de_DE","og_type":"article","og_title":"Ein Fussballsommerm\u00e4rchen - Stephan Moser \u2013 Journalist BR, Kolumnist (Freiburger Nachrichten &amp; Askforce), Autor","og_description":"WM-Glosse in den Freiburger Nachrichten vom 12. Juni 2014 Wahrscheinlich waren es die gegrillten H\u00fchnerherzen vom brasilianischen Buffet. Vielleicht hatte ich auch einen oder zwei Caipirinhas zu viel geschl\u00fcrft. Jedenfalls hatte ich einen seltsamen Traum. Seltsam, aber sehr sch\u00f6n. Ein wahres Fussballsommerm\u00e4rchen. Die Fifa hatte die WM-Stadien und Fanmeilen kurzerhand zu sponsorfreien Zonen erkl\u00e4rt. In &hellip; Ein Fussballsommerm\u00e4rchen weiterlesen","og_url":"https:\/\/poetomat.ch\/Wordpress\/ein-fussballsommermaerchen\/","og_site_name":"Stephan Moser \u2013 Journalist BR, Kolumnist (Freiburger Nachrichten &amp; Askforce), Autor","article_published_time":"2015-01-25T19:25:18+00:00","article_modified_time":"2025-02-10T18:45:25+00:00","author":"admin","twitter_misc":{"Verfasst von":"admin","Gesch\u00e4tzte Lesezeit":"3\u00a0Minuten"},"schema":{"@context":"https:\/\/schema.org","@graph":[{"@type":"Article","@id":"https:\/\/poetomat.ch\/Wordpress\/ein-fussballsommermaerchen\/#article","isPartOf":{"@id":"https:\/\/poetomat.ch\/Wordpress\/ein-fussballsommermaerchen\/"},"author":{"name":"admin","@id":"https:\/\/poetomat.ch\/Wordpress\/#\/schema\/person\/2cc02db160cec37374508657cd9d49a8"},"headline":"Ein Fussballsommerm\u00e4rchen","datePublished":"2015-01-25T19:25:18+00:00","dateModified":"2025-02-10T18:45:25+00:00","mainEntityOfPage":{"@id":"https:\/\/poetomat.ch\/Wordpress\/ein-fussballsommermaerchen\/"},"wordCount":436,"commentCount":0,"articleSection":["Uncategorized"],"inLanguage":"de","potentialAction":[{"@type":"CommentAction","name":"Comment","target":["https:\/\/poetomat.ch\/Wordpress\/ein-fussballsommermaerchen\/#respond"]}]},{"@type":"WebPage","@id":"https:\/\/poetomat.ch\/Wordpress\/ein-fussballsommermaerchen\/","url":"https:\/\/poetomat.ch\/Wordpress\/ein-fussballsommermaerchen\/","name":"Ein Fussballsommerm\u00e4rchen - Stephan Moser \u2013 Journalist BR, Kolumnist (Freiburger Nachrichten &amp; Askforce), Autor","isPartOf":{"@id":"https:\/\/poetomat.ch\/Wordpress\/#website"},"datePublished":"2015-01-25T19:25:18+00:00","dateModified":"2025-02-10T18:45:25+00:00","author":{"@id":"https:\/\/poetomat.ch\/Wordpress\/#\/schema\/person\/2cc02db160cec37374508657cd9d49a8"},"breadcrumb":{"@id":"https:\/\/poetomat.ch\/Wordpress\/ein-fussballsommermaerchen\/#breadcrumb"},"inLanguage":"de","potentialAction":[{"@type":"ReadAction","target":["https:\/\/poetomat.ch\/Wordpress\/ein-fussballsommermaerchen\/"]}]},{"@type":"BreadcrumbList","@id":"https:\/\/poetomat.ch\/Wordpress\/ein-fussballsommermaerchen\/#breadcrumb","itemListElement":[{"@type":"ListItem","position":1,"name":"Startseite","item":"https:\/\/poetomat.ch\/Wordpress\/"},{"@type":"ListItem","position":2,"name":"Ein Fussballsommerm\u00e4rchen"}]},{"@type":"WebSite","@id":"https:\/\/poetomat.ch\/Wordpress\/#website","url":"https:\/\/poetomat.ch\/Wordpress\/","name":"Stephan Moser \u2013 Journalist BR, Kolumnist (Freiburger Nachrichten &amp; Askforce), Autor","description":"Ich bin Journalist, Historiker und Autor. Ich schreibe Kolumnen f\u00fcr die \u00abFreiburger Nachrichten\u00bb und die \u00abAskforce\u00bb. Ich habe f\u00fcr die Musical- und Theaterb\u00fchne geschrieben und arbeite an der Vertonung des Dudens.","potentialAction":[{"@type":"SearchAction","target":{"@type":"EntryPoint","urlTemplate":"https:\/\/poetomat.ch\/Wordpress\/?s={search_term_string}"},"query-input":{"@type":"PropertyValueSpecification","valueRequired":true,"valueName":"search_term_string"}}],"inLanguage":"de"},{"@type":"Person","@id":"https:\/\/poetomat.ch\/Wordpress\/#\/schema\/person\/2cc02db160cec37374508657cd9d49a8","name":"admin","image":{"@type":"ImageObject","inLanguage":"de","@id":"https:\/\/secure.gravatar.com\/avatar\/4be47fdcfcd0474bbe6a1552cfc76bc6caaa23737fb0bdd2f33684f0f4961c8e?s=96&d=mm&r=g","url":"https:\/\/secure.gravatar.com\/avatar\/4be47fdcfcd0474bbe6a1552cfc76bc6caaa23737fb0bdd2f33684f0f4961c8e?s=96&d=mm&r=g","contentUrl":"https:\/\/secure.gravatar.com\/avatar\/4be47fdcfcd0474bbe6a1552cfc76bc6caaa23737fb0bdd2f33684f0f4961c8e?s=96&d=mm&r=g","caption":"admin"},"sameAs":["https:\/\/x.com\/poetomat"],"url":"https:\/\/poetomat.ch\/Wordpress\/author\/admin\/"}]}},"jetpack_featured_media_url":"","jetpack_sharing_enabled":true,"jetpack_shortlink":"https:\/\/wp.me\/p5IsBv-q","_links":{"self":[{"href":"https:\/\/poetomat.ch\/Wordpress\/wp-json\/wp\/v2\/posts\/26","targetHints":{"allow":["GET"]}}],"collection":[{"href":"https:\/\/poetomat.ch\/Wordpress\/wp-json\/wp\/v2\/posts"}],"about":[{"href":"https:\/\/poetomat.ch\/Wordpress\/wp-json\/wp\/v2\/types\/post"}],"author":[{"embeddable":true,"href":"https:\/\/poetomat.ch\/Wordpress\/wp-json\/wp\/v2\/users\/2"}],"replies":[{"embeddable":true,"href":"https:\/\/poetomat.ch\/Wordpress\/wp-json\/wp\/v2\/comments?post=26"}],"version-history":[{"count":4,"href":"https:\/\/poetomat.ch\/Wordpress\/wp-json\/wp\/v2\/posts\/26\/revisions"}],"predecessor-version":[{"id":1665,"href":"https:\/\/poetomat.ch\/Wordpress\/wp-json\/wp\/v2\/posts\/26\/revisions\/1665"}],"wp:attachment":[{"href":"https:\/\/poetomat.ch\/Wordpress\/wp-json\/wp\/v2\/media?parent=26"}],"wp:term":[{"taxonomy":"category","embeddable":true,"href":"https:\/\/poetomat.ch\/Wordpress\/wp-json\/wp\/v2\/categories?post=26"},{"taxonomy":"post_tag","embeddable":true,"href":"https:\/\/poetomat.ch\/Wordpress\/wp-json\/wp\/v2\/tags?post=26"}],"curies":[{"name":"wp","href":"https:\/\/api.w.org\/{rel}","templated":true}]}}