{"id":1770,"date":"2026-09-01T17:16:10","date_gmt":"2026-09-01T15:16:10","guid":{"rendered":"https:\/\/poetomat.ch\/Wordpress\/?p=1770"},"modified":"2026-09-01T17:16:12","modified_gmt":"2026-09-01T15:16:12","slug":"waldspaziergang","status":"publish","type":"post","link":"https:\/\/poetomat.ch\/Wordpress\/waldspaziergang\/","title":{"rendered":"Waldspaziergang"},"content":{"rendered":"\n<p class=\"wp-block-paragraph\"><strong>\u00ab\u00dcbrigens\u00bb in den \u00abFreiburger Nachrichten\u00bb vom 1. September 2026<\/strong><\/p>\n\n\n\n<p class=\"wp-block-paragraph\">Ey, Mensch, was guckst du so? Noch nie eine Buche gesehen?<\/p>\n\n\n\n<p class=\"wp-block-paragraph\"><em>Doch, aber noch nie eine, die schon im August aussieht, als w\u00e4re es Oktober.<\/em><\/p>\n\n\n\n<p class=\"wp-block-paragraph\">Gew\u00f6hn dich besser dran.<\/p>\n\n\n\n<p class=\"wp-block-paragraph\"><em>Wieso hast du deine Bl\u00e4tter abgeworfen?<\/em><\/p>\n\n\n\n<p class=\"wp-block-paragraph\">Klimastress! Viel zu heiss, viel zu trocken, ich pack das nicht mehr.<\/p>\n\n\n\n<p class=\"wp-block-paragraph\"><em>Echt so schlimm? Habe ich gar nicht mitgekriegt. Ich bin im Juli nach Skandinavien geflogen, dort wars angenehm k\u00fchl.<\/em><\/p>\n\n\n\n<p class=\"wp-block-paragraph\">Tut dir das nicht weh in deinem verdammten Holzkopf?<\/p>\n\n\n\n<p class=\"wp-block-paragraph\"><em>Hallo?! Buchen sollen nicht fluchen, und Eichen nicht sei\u2026 Oder wie ging das Sprichwort? Egal, was meinst du \u00fcberhaupt?<\/em><\/p>\n\n\n\n<p class=\"wp-block-paragraph\">Dass du vor den Folgen des Klimawandels in den Norden fl\u00fcchtest \u2013 mit dem Flugzeug! Als g\u00e4be es da keinen Zusammenhang. Oder hat dein Jumbo nur Kiefernadelduft gepupst?<\/p>\n\n\n\n<p class=\"wp-block-paragraph\"><em>Ob ich fliege oder nicht, spielt doch keine Rolle. Da m\u00fcsste zuerst China seine Kohlenkraftwerke abschalten. Allein kann die Schweiz das Klima sowieso nicht beeinflussen. Sagt auch der R\u00f6sti.<\/em><\/p>\n\n\n\n<p class=\"wp-block-paragraph\">Dieser \u00f6lige Br\u00e4g\u00f9! Sorry, ich habe kein Blatt mehr, das ich vor den Mund nehmen k\u00f6nnte. Und weil der das sagt, macht ihr nichts?<\/p>\n\n\n\n<p class=\"wp-block-paragraph\"><em>Wir tun nicht nichts. Wir m\u00fcssen uns jetzt halt anpassen an die neuen Realit\u00e4ten. Ich zum Beispiel habe meinem Grosi eine Klimaanlage gekauft.<\/em><\/p>\n\n\n\n<p class=\"wp-block-paragraph\">Und ich soll im Sommer in Finnland chillen?<\/p>\n\n\n\n<p class=\"wp-block-paragraph\"><em>Der Wald muss sich halt auch anpassen.<\/em><\/p>\n\n\n\n<p class=\"wp-block-paragraph\">Du meinst verrecken? Ihr geht mir so auf die Buchn\u00fcsse, echt, jeder Tannzapfen hat mehr Verstand, und unter uns gesagt, die sind ziemlich bl\u00f6d. Merkt ihr denn nicht, dass ihr auf dem Holzweg seid, wenn ihr euch nur anpasst. Stell dir vor: In deinem Dorf treibt ein Brandstifter sein Unwesen, jede Nacht geht ein anderes Haus in Flammen auf. Und was tut ihr? Ihr kauft einen Feuerl\u00f6scher, um euch \u00aban die neuen Realit\u00e4ten anzupassen\u00bb.<\/p>\n\n\n\n<p class=\"wp-block-paragraph\"><em>Was ist an einem Feuerl\u00f6scher verkehrt?<\/em><\/p>\n\n\n\n<p class=\"wp-block-paragraph\">Nichts, du Astloch. Aber viel wichtiger w\u00e4re es doch, den Brandstifter zu stoppen. Stattdessen stellt ihr ihm fr\u00f6hlich weiter Benzinkanister vors Haus \u2013 die Streichholzschachtel legt ihr freundlicherweise gleich dazu.<\/p>\n\n\n\n<p class=\"wp-block-paragraph\"><em>\u00dcbertreib nicht. Das Klima hat sich immer schon ver\u00e4ndert.<\/em><\/p>\n\n\n\n<p class=\"wp-block-paragraph\">Aber noch nie so rasend schnell wie jetzt! Aarrggg, muss ich alle meine abgestorbenen \u00c4ste fallen lassen, um dir das in deinen Sch\u00e4del zu pr\u00fcgeln?<\/p>\n\n\n\n<p class=\"wp-block-paragraph\"><em>Eine leere Drohung. B\u00e4ume schlagen nur im Fr\u00fchling aus.<\/em><\/p>\n\n\n\n<p class=\"wp-block-paragraph\">Wahrscheinlich w\u00fcrdest du sowieso nichts sp\u00fcren. So dick wie das Brett vor deinem Kopf ist.<\/p>\n\n\n\n<p class=\"has-small-font-size wp-block-paragraph\"><em>Illustration mit ChatGPT erstellt.<\/em><\/p>\n","protected":false},"excerpt":{"rendered":"<p>\u00ab\u00dcbrigens\u00bb in den \u00abFreiburger Nachrichten\u00bb vom 1. September 2026 Ey, Mensch, was guckst du so? Noch nie eine Buche gesehen? Doch, aber noch nie eine, die schon im August aussieht, als w\u00e4re es Oktober. Gew\u00f6hn dich besser dran. Wieso hast du deine Bl\u00e4tter abgeworfen? Klimastress! Viel zu heiss, viel zu trocken, ich pack das nicht &hellip; <a href=\"https:\/\/poetomat.ch\/Wordpress\/waldspaziergang\/\" class=\"more-link\"><span class=\"screen-reader-text\">Waldspaziergang<\/span> weiterlesen<\/a><\/p>\n","protected":false},"author":2,"featured_media":1772,"comment_status":"open","ping_status":"closed","sticky":false,"template":"","format":"standard","meta":{"_jetpack_newsletter_access":"","_jetpack_dont_email_post_to_subs":false,"_jetpack_newsletter_tier_id":0,"_jetpack_memberships_contains_paywalled_content":false,"_jetpack_feature_clip_id":0,"_jetpack_memberships_contains_paid_content":false,"footnotes":"","jetpack_post_was_ever_published":false},"categories":[1],"tags":[],"class_list":["post-1770","post","type-post","status-publish","format-standard","has-post-thumbnail","hentry","category-uncategorized"],"yoast_head":"<!-- This site is optimized with the Yoast SEO plugin v28.4 - https:\/\/yoast.com\/product\/yoast-seo-wordpress\/ -->\n<title>Waldspaziergang - Stephan Moser \u2013 Journalist BR, Kolumnist (Freiburger Nachrichten &amp; Askforce), Autor<\/title>\n<meta name=\"robots\" content=\"index, follow, max-snippet:-1, max-image-preview:large, max-video-preview:-1\" \/>\n<link rel=\"canonical\" href=\"https:\/\/poetomat.ch\/Wordpress\/waldspaziergang\/\" \/>\n<meta property=\"og:locale\" content=\"de_DE\" \/>\n<meta property=\"og:type\" content=\"article\" \/>\n<meta property=\"og:title\" content=\"Waldspaziergang\" \/>\n<meta property=\"og:description\" content=\"Eine Buche im D\u00fcrrestress nimmt im Hitzesommer kein Blatt vor den Mund - sie hat ja auch keine mehr. \u00ab\u00dcbrigens\u00bb in den \u00abFreiburger Nachrichten\u00bb vom 1. September 2026\" \/>\n<meta property=\"og:url\" content=\"https:\/\/poetomat.ch\/Wordpress\/waldspaziergang\/\" \/>\n<meta property=\"og:site_name\" content=\"Stephan Moser \u2013 Journalist BR, Kolumnist (Freiburger Nachrichten &amp; Askforce), Autor\" \/>\n<meta property=\"article:published_time\" content=\"2026-09-01T15:16:10+00:00\" \/>\n<meta property=\"article:modified_time\" content=\"2026-09-01T15:16:12+00:00\" \/>\n<meta property=\"og:image\" content=\"https:\/\/poetomat.ch\/Wordpress\/wp-content\/uploads\/2026\/09\/ChatGPT-Image-1.-Sept.-2026-17_13_55.png\" \/>\n\t<meta property=\"og:image:width\" content=\"1672\" \/>\n\t<meta property=\"og:image:height\" content=\"941\" \/>\n\t<meta property=\"og:image:type\" content=\"image\/png\" \/>\n<meta name=\"author\" content=\"admin\" \/>\n<meta name=\"twitter:label1\" content=\"Verfasst von\" \/>\n\t<meta name=\"twitter:data1\" content=\"admin\" \/>\n\t<meta name=\"twitter:label2\" content=\"Gesch\u00e4tzte Lesezeit\" \/>\n\t<meta name=\"twitter:data2\" content=\"3\u00a0Minuten\" \/>\n<script type=\"application\/ld+json\" class=\"yoast-schema-graph\">{\"@context\":\"https:\\\/\\\/schema.org\",\"@graph\":[{\"@type\":\"Article\",\"@id\":\"https:\\\/\\\/poetomat.ch\\\/Wordpress\\\/waldspaziergang\\\/#article\",\"isPartOf\":{\"@id\":\"https:\\\/\\\/poetomat.ch\\\/Wordpress\\\/waldspaziergang\\\/\"},\"author\":{\"name\":\"admin\",\"@id\":\"https:\\\/\\\/poetomat.ch\\\/Wordpress\\\/#\\\/schema\\\/person\\\/2cc02db160cec37374508657cd9d49a8\"},\"headline\":\"Waldspaziergang\",\"datePublished\":\"2026-09-01T15:16:10+00:00\",\"dateModified\":\"2026-09-01T15:16:12+00:00\",\"mainEntityOfPage\":{\"@id\":\"https:\\\/\\\/poetomat.ch\\\/Wordpress\\\/waldspaziergang\\\/\"},\"wordCount\":417,\"commentCount\":0,\"image\":{\"@id\":\"https:\\\/\\\/poetomat.ch\\\/Wordpress\\\/waldspaziergang\\\/#primaryimage\"},\"thumbnailUrl\":\"https:\\\/\\\/poetomat.ch\\\/Wordpress\\\/wp-content\\\/uploads\\\/2026\\\/09\\\/ChatGPT-Image-1.-Sept.-2026-17_13_55.png\",\"articleSection\":[\"Uncategorized\"],\"inLanguage\":\"de\",\"potentialAction\":[{\"@type\":\"CommentAction\",\"name\":\"Comment\",\"target\":[\"https:\\\/\\\/poetomat.ch\\\/Wordpress\\\/waldspaziergang\\\/#respond\"]}]},{\"@type\":\"WebPage\",\"@id\":\"https:\\\/\\\/poetomat.ch\\\/Wordpress\\\/waldspaziergang\\\/\",\"url\":\"https:\\\/\\\/poetomat.ch\\\/Wordpress\\\/waldspaziergang\\\/\",\"name\":\"Waldspaziergang - Stephan Moser \u2013 Journalist BR, Kolumnist (Freiburger Nachrichten &amp; Askforce), Autor\",\"isPartOf\":{\"@id\":\"https:\\\/\\\/poetomat.ch\\\/Wordpress\\\/#website\"},\"primaryImageOfPage\":{\"@id\":\"https:\\\/\\\/poetomat.ch\\\/Wordpress\\\/waldspaziergang\\\/#primaryimage\"},\"image\":{\"@id\":\"https:\\\/\\\/poetomat.ch\\\/Wordpress\\\/waldspaziergang\\\/#primaryimage\"},\"thumbnailUrl\":\"https:\\\/\\\/poetomat.ch\\\/Wordpress\\\/wp-content\\\/uploads\\\/2026\\\/09\\\/ChatGPT-Image-1.-Sept.-2026-17_13_55.png\",\"datePublished\":\"2026-09-01T15:16:10+00:00\",\"dateModified\":\"2026-09-01T15:16:12+00:00\",\"author\":{\"@id\":\"https:\\\/\\\/poetomat.ch\\\/Wordpress\\\/#\\\/schema\\\/person\\\/2cc02db160cec37374508657cd9d49a8\"},\"breadcrumb\":{\"@id\":\"https:\\\/\\\/poetomat.ch\\\/Wordpress\\\/waldspaziergang\\\/#breadcrumb\"},\"inLanguage\":\"de\",\"potentialAction\":[{\"@type\":\"ReadAction\",\"target\":[\"https:\\\/\\\/poetomat.ch\\\/Wordpress\\\/waldspaziergang\\\/\"]}]},{\"@type\":\"ImageObject\",\"inLanguage\":\"de\",\"@id\":\"https:\\\/\\\/poetomat.ch\\\/Wordpress\\\/waldspaziergang\\\/#primaryimage\",\"url\":\"https:\\\/\\\/poetomat.ch\\\/Wordpress\\\/wp-content\\\/uploads\\\/2026\\\/09\\\/ChatGPT-Image-1.-Sept.-2026-17_13_55.png\",\"contentUrl\":\"https:\\\/\\\/poetomat.ch\\\/Wordpress\\\/wp-content\\\/uploads\\\/2026\\\/09\\\/ChatGPT-Image-1.-Sept.-2026-17_13_55.png\",\"width\":1672,\"height\":941},{\"@type\":\"BreadcrumbList\",\"@id\":\"https:\\\/\\\/poetomat.ch\\\/Wordpress\\\/waldspaziergang\\\/#breadcrumb\",\"itemListElement\":[{\"@type\":\"ListItem\",\"position\":1,\"name\":\"Startseite\",\"item\":\"https:\\\/\\\/poetomat.ch\\\/Wordpress\\\/\"},{\"@type\":\"ListItem\",\"position\":2,\"name\":\"Waldspaziergang\"}]},{\"@type\":\"WebSite\",\"@id\":\"https:\\\/\\\/poetomat.ch\\\/Wordpress\\\/#website\",\"url\":\"https:\\\/\\\/poetomat.ch\\\/Wordpress\\\/\",\"name\":\"Stephan Moser \u2013 Journalist BR, Kolumnist (Freiburger Nachrichten &amp; Askforce), Autor\",\"description\":\"Ich bin Journalist, Historiker und Autor. Ich schreibe Kolumnen f\u00fcr die \u00abFreiburger Nachrichten\u00bb und die \u00abAskforce\u00bb. Ich habe f\u00fcr die Musical- und Theaterb\u00fchne geschrieben und arbeite an der Vertonung des Dudens.\",\"potentialAction\":[{\"@type\":\"SearchAction\",\"target\":{\"@type\":\"EntryPoint\",\"urlTemplate\":\"https:\\\/\\\/poetomat.ch\\\/Wordpress\\\/?s={search_term_string}\"},\"query-input\":{\"@type\":\"PropertyValueSpecification\",\"valueRequired\":true,\"valueName\":\"search_term_string\"}}],\"inLanguage\":\"de\"},{\"@type\":\"Person\",\"@id\":\"https:\\\/\\\/poetomat.ch\\\/Wordpress\\\/#\\\/schema\\\/person\\\/2cc02db160cec37374508657cd9d49a8\",\"name\":\"admin\",\"image\":{\"@type\":\"ImageObject\",\"inLanguage\":\"de\",\"@id\":\"https:\\\/\\\/secure.gravatar.com\\\/avatar\\\/4be47fdcfcd0474bbe6a1552cfc76bc6caaa23737fb0bdd2f33684f0f4961c8e?s=96&d=mm&r=g\",\"url\":\"https:\\\/\\\/secure.gravatar.com\\\/avatar\\\/4be47fdcfcd0474bbe6a1552cfc76bc6caaa23737fb0bdd2f33684f0f4961c8e?s=96&d=mm&r=g\",\"contentUrl\":\"https:\\\/\\\/secure.gravatar.com\\\/avatar\\\/4be47fdcfcd0474bbe6a1552cfc76bc6caaa23737fb0bdd2f33684f0f4961c8e?s=96&d=mm&r=g\",\"caption\":\"admin\"},\"sameAs\":[\"https:\\\/\\\/x.com\\\/poetomat\"],\"url\":\"https:\\\/\\\/poetomat.ch\\\/Wordpress\\\/author\\\/admin\\\/\"}]}<\/script>\n<!-- \/ Yoast SEO plugin. -->","yoast_head_json":{"title":"Waldspaziergang - Stephan Moser \u2013 Journalist BR, Kolumnist (Freiburger Nachrichten &amp; Askforce), Autor","robots":{"index":"index","follow":"follow","max-snippet":"max-snippet:-1","max-image-preview":"max-image-preview:large","max-video-preview":"max-video-preview:-1"},"canonical":"https:\/\/poetomat.ch\/Wordpress\/waldspaziergang\/","og_locale":"de_DE","og_type":"article","og_title":"Waldspaziergang","og_description":"Eine Buche im D\u00fcrrestress nimmt im Hitzesommer kein Blatt vor den Mund - sie hat ja auch keine mehr. \u00ab\u00dcbrigens\u00bb in den \u00abFreiburger Nachrichten\u00bb vom 1. September 2026","og_url":"https:\/\/poetomat.ch\/Wordpress\/waldspaziergang\/","og_site_name":"Stephan Moser \u2013 Journalist BR, Kolumnist (Freiburger Nachrichten &amp; Askforce), Autor","article_published_time":"2026-09-01T15:16:10+00:00","article_modified_time":"2026-09-01T15:16:12+00:00","og_image":[{"width":1672,"height":941,"url":"https:\/\/poetomat.ch\/Wordpress\/wp-content\/uploads\/2026\/09\/ChatGPT-Image-1.-Sept.-2026-17_13_55.png","type":"image\/png"}],"author":"admin","twitter_misc":{"Verfasst von":"admin","Gesch\u00e4tzte Lesezeit":"3\u00a0Minuten"},"schema":{"@context":"https:\/\/schema.org","@graph":[{"@type":"Article","@id":"https:\/\/poetomat.ch\/Wordpress\/waldspaziergang\/#article","isPartOf":{"@id":"https:\/\/poetomat.ch\/Wordpress\/waldspaziergang\/"},"author":{"name":"admin","@id":"https:\/\/poetomat.ch\/Wordpress\/#\/schema\/person\/2cc02db160cec37374508657cd9d49a8"},"headline":"Waldspaziergang","datePublished":"2026-09-01T15:16:10+00:00","dateModified":"2026-09-01T15:16:12+00:00","mainEntityOfPage":{"@id":"https:\/\/poetomat.ch\/Wordpress\/waldspaziergang\/"},"wordCount":417,"commentCount":0,"image":{"@id":"https:\/\/poetomat.ch\/Wordpress\/waldspaziergang\/#primaryimage"},"thumbnailUrl":"https:\/\/poetomat.ch\/Wordpress\/wp-content\/uploads\/2026\/09\/ChatGPT-Image-1.-Sept.-2026-17_13_55.png","articleSection":["Uncategorized"],"inLanguage":"de","potentialAction":[{"@type":"CommentAction","name":"Comment","target":["https:\/\/poetomat.ch\/Wordpress\/waldspaziergang\/#respond"]}]},{"@type":"WebPage","@id":"https:\/\/poetomat.ch\/Wordpress\/waldspaziergang\/","url":"https:\/\/poetomat.ch\/Wordpress\/waldspaziergang\/","name":"Waldspaziergang - Stephan Moser \u2013 Journalist BR, Kolumnist (Freiburger Nachrichten &amp; Askforce), Autor","isPartOf":{"@id":"https:\/\/poetomat.ch\/Wordpress\/#website"},"primaryImageOfPage":{"@id":"https:\/\/poetomat.ch\/Wordpress\/waldspaziergang\/#primaryimage"},"image":{"@id":"https:\/\/poetomat.ch\/Wordpress\/waldspaziergang\/#primaryimage"},"thumbnailUrl":"https:\/\/poetomat.ch\/Wordpress\/wp-content\/uploads\/2026\/09\/ChatGPT-Image-1.-Sept.-2026-17_13_55.png","datePublished":"2026-09-01T15:16:10+00:00","dateModified":"2026-09-01T15:16:12+00:00","author":{"@id":"https:\/\/poetomat.ch\/Wordpress\/#\/schema\/person\/2cc02db160cec37374508657cd9d49a8"},"breadcrumb":{"@id":"https:\/\/poetomat.ch\/Wordpress\/waldspaziergang\/#breadcrumb"},"inLanguage":"de","potentialAction":[{"@type":"ReadAction","target":["https:\/\/poetomat.ch\/Wordpress\/waldspaziergang\/"]}]},{"@type":"ImageObject","inLanguage":"de","@id":"https:\/\/poetomat.ch\/Wordpress\/waldspaziergang\/#primaryimage","url":"https:\/\/poetomat.ch\/Wordpress\/wp-content\/uploads\/2026\/09\/ChatGPT-Image-1.-Sept.-2026-17_13_55.png","contentUrl":"https:\/\/poetomat.ch\/Wordpress\/wp-content\/uploads\/2026\/09\/ChatGPT-Image-1.-Sept.-2026-17_13_55.png","width":1672,"height":941},{"@type":"BreadcrumbList","@id":"https:\/\/poetomat.ch\/Wordpress\/waldspaziergang\/#breadcrumb","itemListElement":[{"@type":"ListItem","position":1,"name":"Startseite","item":"https:\/\/poetomat.ch\/Wordpress\/"},{"@type":"ListItem","position":2,"name":"Waldspaziergang"}]},{"@type":"WebSite","@id":"https:\/\/poetomat.ch\/Wordpress\/#website","url":"https:\/\/poetomat.ch\/Wordpress\/","name":"Stephan Moser \u2013 Journalist BR, Kolumnist (Freiburger Nachrichten &amp; Askforce), Autor","description":"Ich bin Journalist, Historiker und Autor. Ich schreibe Kolumnen f\u00fcr die \u00abFreiburger Nachrichten\u00bb und die \u00abAskforce\u00bb. Ich habe f\u00fcr die Musical- und Theaterb\u00fchne geschrieben und arbeite an der Vertonung des Dudens.","potentialAction":[{"@type":"SearchAction","target":{"@type":"EntryPoint","urlTemplate":"https:\/\/poetomat.ch\/Wordpress\/?s={search_term_string}"},"query-input":{"@type":"PropertyValueSpecification","valueRequired":true,"valueName":"search_term_string"}}],"inLanguage":"de"},{"@type":"Person","@id":"https:\/\/poetomat.ch\/Wordpress\/#\/schema\/person\/2cc02db160cec37374508657cd9d49a8","name":"admin","image":{"@type":"ImageObject","inLanguage":"de","@id":"https:\/\/secure.gravatar.com\/avatar\/4be47fdcfcd0474bbe6a1552cfc76bc6caaa23737fb0bdd2f33684f0f4961c8e?s=96&d=mm&r=g","url":"https:\/\/secure.gravatar.com\/avatar\/4be47fdcfcd0474bbe6a1552cfc76bc6caaa23737fb0bdd2f33684f0f4961c8e?s=96&d=mm&r=g","contentUrl":"https:\/\/secure.gravatar.com\/avatar\/4be47fdcfcd0474bbe6a1552cfc76bc6caaa23737fb0bdd2f33684f0f4961c8e?s=96&d=mm&r=g","caption":"admin"},"sameAs":["https:\/\/x.com\/poetomat"],"url":"https:\/\/poetomat.ch\/Wordpress\/author\/admin\/"}]}},"jetpack_sharing_enabled":true,"jetpack_shortlink":"https:\/\/wp.me\/p5IsBv-sy","jetpack_featured_media_url":"https:\/\/poetomat.ch\/Wordpress\/wp-content\/uploads\/2026\/09\/ChatGPT-Image-1.-Sept.-2026-17_13_55.png","_links":{"self":[{"href":"https:\/\/poetomat.ch\/Wordpress\/wp-json\/wp\/v2\/posts\/1770","targetHints":{"allow":["GET"]}}],"collection":[{"href":"https:\/\/poetomat.ch\/Wordpress\/wp-json\/wp\/v2\/posts"}],"about":[{"href":"https:\/\/poetomat.ch\/Wordpress\/wp-json\/wp\/v2\/types\/post"}],"author":[{"embeddable":true,"href":"https:\/\/poetomat.ch\/Wordpress\/wp-json\/wp\/v2\/users\/2"}],"replies":[{"embeddable":true,"href":"https:\/\/poetomat.ch\/Wordpress\/wp-json\/wp\/v2\/comments?post=1770"}],"version-history":[{"count":2,"href":"https:\/\/poetomat.ch\/Wordpress\/wp-json\/wp\/v2\/posts\/1770\/revisions"}],"predecessor-version":[{"id":1773,"href":"https:\/\/poetomat.ch\/Wordpress\/wp-json\/wp\/v2\/posts\/1770\/revisions\/1773"}],"wp:featuredmedia":[{"embeddable":true,"href":"https:\/\/poetomat.ch\/Wordpress\/wp-json\/wp\/v2\/media\/1772"}],"wp:attachment":[{"href":"https:\/\/poetomat.ch\/Wordpress\/wp-json\/wp\/v2\/media?parent=1770"}],"wp:term":[{"taxonomy":"category","embeddable":true,"href":"https:\/\/poetomat.ch\/Wordpress\/wp-json\/wp\/v2\/categories?post=1770"},{"taxonomy":"post_tag","embeddable":true,"href":"https:\/\/poetomat.ch\/Wordpress\/wp-json\/wp\/v2\/tags?post=1770"}],"curies":[{"name":"wp","href":"https:\/\/api.w.org\/{rel}","templated":true}]}}